{"id":28507,"date":"2020-03-09T11:39:27","date_gmt":"2020-03-09T14:39:27","guid":{"rendered":"https:\/\/www.uninter.com\/radio\/?p=28507"},"modified":"2020-05-26T01:16:05","modified_gmt":"2020-05-26T04:16:05","slug":"conversa-com-o-reitor-7","status":"publish","type":"post","link":"https:\/\/www.uninter.com\/radio\/conversa-com-o-reitor-7","title":{"rendered":"Conversa com o Reitor #7"},"content":{"rendered":"<p>O epis\u00f3dio #7 do programa Conversa com o reitor conta novamente com a presen\u00e7a de Nelson Castanheira, falando dos cursos de p\u00f3s-gradua\u00e7\u00e3o aqui da Uninter. Confira!<\/p>\n<!--[if lt IE 9]><script>document.createElement('audio');<\/script><![endif]-->\n<audio class=\"wp-audio-shortcode\" id=\"audio-28507-1\" preload=\"none\" style=\"width: 100%;\" controls=\"controls\"><source type=\"audio\/mpeg\" src=\"https:\/\/www.uninter.com\/radio\/wp-content\/uploads\/2020\/03\/06.03.2020-Conversa-com-o-reitor-com-entrevista.mp3?_=1\" \/><a href=\"https:\/\/www.uninter.com\/radio\/wp-content\/uploads\/2020\/03\/06.03.2020-Conversa-com-o-reitor-com-entrevista.mp3\">https:\/\/www.uninter.com\/radio\/wp-content\/uploads\/2020\/03\/06.03.2020-Conversa-com-o-reitor-com-entrevista.mp3<\/a><\/audio>\n","protected":false},"excerpt":{"rendered":"<p>O epis\u00f3dio #7 do programa Conversa com o reitor conta novamente com a presen\u00e7a de&#8230;<\/p>\n","protected":false},"author":3,"featured_media":30517,"comment_status":"open","ping_status":"open","sticky":false,"template":"","format":"standard","meta":[],"categories":[2724],"tags":[],"_links":{"self":[{"href":"https:\/\/www.uninter.com\/radio\/wp-json\/wp\/v2\/posts\/28507"}],"collection":[{"href":"https:\/\/www.uninter.com\/radio\/wp-json\/wp\/v2\/posts"}],"about":[{"href":"https:\/\/www.uninter.com\/radio\/wp-json\/wp\/v2\/types\/post"}],"author":[{"embeddable":true,"href":"https:\/\/www.uninter.com\/radio\/wp-json\/wp\/v2\/users\/3"}],"replies":[{"embeddable":true,"href":"https:\/\/www.uninter.com\/radio\/wp-json\/wp\/v2\/comments?post=28507"}],"version-history":[{"count":1,"href":"https:\/\/www.uninter.com\/radio\/wp-json\/wp\/v2\/posts\/28507\/revisions"}],"predecessor-version":[{"id":28509,"href":"https:\/\/www.uninter.com\/radio\/wp-json\/wp\/v2\/posts\/28507\/revisions\/28509"}],"wp:featuredmedia":[{"embeddable":true,"href":"https:\/\/www.uninter.com\/radio\/wp-json\/wp\/v2\/media\/30517"}],"wp:attachment":[{"href":"https:\/\/www.uninter.com\/radio\/wp-json\/wp\/v2\/media?parent=28507"}],"wp:term":[{"taxonomy":"category","embeddable":true,"href":"https:\/\/www.uninter.com\/radio\/wp-json\/wp\/v2\/categories?post=28507"},{"taxonomy":"post_tag","embeddable":true,"href":"https:\/\/www.uninter.com\/radio\/wp-json\/wp\/v2\/tags?post=28507"}],"curies":[{"name":"wp","href":"https:\/\/api.w.org\/{rel}","templated":true}]}}