{"id":28483,"date":"2020-03-09T10:57:42","date_gmt":"2020-03-09T13:57:42","guid":{"rendered":"https:\/\/www.uninter.com\/radio\/?p=28483"},"modified":"2020-06-01T14:55:42","modified_gmt":"2020-06-01T17:55:42","slug":"memoria-viva-13","status":"publish","type":"post","link":"https:\/\/www.uninter.com\/radio\/memoria-viva-13","title":{"rendered":"Mem\u00f3ria Viva #13"},"content":{"rendered":"<p>No dia 12 de mar\u00e7o, comemoramos no Brasil o dia do bibliotec\u00e1rio, e para celebrar esta data, vamos conhecer a hist\u00f3ria da Vanda Fattori Dias, coordenadora das bibliotecas da Uninter. Confira!<\/p>\n<!--[if lt IE 9]><script>document.createElement('audio');<\/script><![endif]-->\n<audio class=\"wp-audio-shortcode\" id=\"audio-28483-1\" preload=\"none\" style=\"width: 100%;\" controls=\"controls\"><source type=\"audio\/mpeg\" src=\"https:\/\/www.uninter.com\/radio\/wp-content\/uploads\/2020\/03\/05.03.2020-Memoria-Viva.mp3?_=1\" \/><a href=\"https:\/\/www.uninter.com\/radio\/wp-content\/uploads\/2020\/03\/05.03.2020-Memoria-Viva.mp3\">https:\/\/www.uninter.com\/radio\/wp-content\/uploads\/2020\/03\/05.03.2020-Memoria-Viva.mp3<\/a><\/audio>\n","protected":false},"excerpt":{"rendered":"<p>No dia 12 de mar\u00e7o, comemoramos no Brasil o dia do bibliotec\u00e1rio, e para celebrar&#8230;<\/p>\n","protected":false},"author":3,"featured_media":30533,"comment_status":"open","ping_status":"open","sticky":false,"template":"","format":"standard","meta":[],"categories":[2712],"tags":[],"_links":{"self":[{"href":"https:\/\/www.uninter.com\/radio\/wp-json\/wp\/v2\/posts\/28483"}],"collection":[{"href":"https:\/\/www.uninter.com\/radio\/wp-json\/wp\/v2\/posts"}],"about":[{"href":"https:\/\/www.uninter.com\/radio\/wp-json\/wp\/v2\/types\/post"}],"author":[{"embeddable":true,"href":"https:\/\/www.uninter.com\/radio\/wp-json\/wp\/v2\/users\/3"}],"replies":[{"embeddable":true,"href":"https:\/\/www.uninter.com\/radio\/wp-json\/wp\/v2\/comments?post=28483"}],"version-history":[{"count":1,"href":"https:\/\/www.uninter.com\/radio\/wp-json\/wp\/v2\/posts\/28483\/revisions"}],"predecessor-version":[{"id":28486,"href":"https:\/\/www.uninter.com\/radio\/wp-json\/wp\/v2\/posts\/28483\/revisions\/28486"}],"wp:featuredmedia":[{"embeddable":true,"href":"https:\/\/www.uninter.com\/radio\/wp-json\/wp\/v2\/media\/30533"}],"wp:attachment":[{"href":"https:\/\/www.uninter.com\/radio\/wp-json\/wp\/v2\/media?parent=28483"}],"wp:term":[{"taxonomy":"category","embeddable":true,"href":"https:\/\/www.uninter.com\/radio\/wp-json\/wp\/v2\/categories?post=28483"},{"taxonomy":"post_tag","embeddable":true,"href":"https:\/\/www.uninter.com\/radio\/wp-json\/wp\/v2\/tags?post=28483"}],"curies":[{"name":"wp","href":"https:\/\/api.w.org\/{rel}","templated":true}]}}