{"id":28382,"date":"2020-03-04T10:20:00","date_gmt":"2020-03-04T13:20:00","guid":{"rendered":"https:\/\/www.uninter.com\/radio\/?p=28382"},"modified":"2020-06-01T14:56:24","modified_gmt":"2020-06-01T17:56:24","slug":"memoria-viva-12","status":"publish","type":"post","link":"https:\/\/www.uninter.com\/radio\/memoria-viva-12","title":{"rendered":"Mem\u00f3ria Viva #12"},"content":{"rendered":"<p>Conhe\u00e7a a hist\u00f3ria de Rosiane da Silva, coordenadora dos est\u00fadios de TV da Uninter. Acompanhe!<\/p>\n<!--[if lt IE 9]><script>document.createElement('audio');<\/script><![endif]-->\n<audio class=\"wp-audio-shortcode\" id=\"audio-28382-1\" preload=\"none\" style=\"width: 100%;\" controls=\"controls\"><source type=\"audio\/mpeg\" src=\"https:\/\/www.uninter.com\/radio\/wp-content\/uploads\/2020\/03\/27.02.2020-Memoria-Viva.mp3?_=1\" \/><a href=\"https:\/\/www.uninter.com\/radio\/wp-content\/uploads\/2020\/03\/27.02.2020-Memoria-Viva.mp3\">https:\/\/www.uninter.com\/radio\/wp-content\/uploads\/2020\/03\/27.02.2020-Memoria-Viva.mp3<\/a><\/audio>\n","protected":false},"excerpt":{"rendered":"<p>Conhe\u00e7a a hist\u00f3ria de Rosiane da Silva, coordenadora dos est\u00fadios de TV da Uninter. Acompanhe!<\/p>\n","protected":false},"author":3,"featured_media":30533,"comment_status":"open","ping_status":"open","sticky":false,"template":"","format":"standard","meta":[],"categories":[2712],"tags":[],"_links":{"self":[{"href":"https:\/\/www.uninter.com\/radio\/wp-json\/wp\/v2\/posts\/28382"}],"collection":[{"href":"https:\/\/www.uninter.com\/radio\/wp-json\/wp\/v2\/posts"}],"about":[{"href":"https:\/\/www.uninter.com\/radio\/wp-json\/wp\/v2\/types\/post"}],"author":[{"embeddable":true,"href":"https:\/\/www.uninter.com\/radio\/wp-json\/wp\/v2\/users\/3"}],"replies":[{"embeddable":true,"href":"https:\/\/www.uninter.com\/radio\/wp-json\/wp\/v2\/comments?post=28382"}],"version-history":[{"count":1,"href":"https:\/\/www.uninter.com\/radio\/wp-json\/wp\/v2\/posts\/28382\/revisions"}],"predecessor-version":[{"id":28385,"href":"https:\/\/www.uninter.com\/radio\/wp-json\/wp\/v2\/posts\/28382\/revisions\/28385"}],"wp:featuredmedia":[{"embeddable":true,"href":"https:\/\/www.uninter.com\/radio\/wp-json\/wp\/v2\/media\/30533"}],"wp:attachment":[{"href":"https:\/\/www.uninter.com\/radio\/wp-json\/wp\/v2\/media?parent=28382"}],"wp:term":[{"taxonomy":"category","embeddable":true,"href":"https:\/\/www.uninter.com\/radio\/wp-json\/wp\/v2\/categories?post=28382"},{"taxonomy":"post_tag","embeddable":true,"href":"https:\/\/www.uninter.com\/radio\/wp-json\/wp\/v2\/tags?post=28382"}],"curies":[{"name":"wp","href":"https:\/\/api.w.org\/{rel}","templated":true}]}}