{"id":27895,"date":"2020-02-10T11:50:33","date_gmt":"2020-02-10T14:50:33","guid":{"rendered":"https:\/\/www.uninter.com\/radio\/?p=27895"},"modified":"2020-05-26T01:14:53","modified_gmt":"2020-05-26T04:14:53","slug":"conversa-com-o-reitor3","status":"publish","type":"post","link":"https:\/\/www.uninter.com\/radio\/conversa-com-o-reitor3","title":{"rendered":"Conversa com o Reitor #3"},"content":{"rendered":"<p>Na edi\u00e7\u00e3o #3 do Conversa com o Reitor, Benhur Gaio e Dinamara Machado conversam sobre a reestrutura\u00e7\u00e3o da legisla\u00e7\u00e3o educacional. Confira!<\/p>\n<!--[if lt IE 9]><script>document.createElement('audio');<\/script><![endif]-->\n<audio class=\"wp-audio-shortcode\" id=\"audio-27895-1\" preload=\"none\" style=\"width: 100%;\" controls=\"controls\"><source type=\"audio\/mpeg\" src=\"https:\/\/www.uninter.com\/radio\/wp-content\/uploads\/2020\/02\/06-02-2020-Conversa-com-o-Reitor.mp3?_=1\" \/><a href=\"https:\/\/www.uninter.com\/radio\/wp-content\/uploads\/2020\/02\/06-02-2020-Conversa-com-o-Reitor.mp3\">https:\/\/www.uninter.com\/radio\/wp-content\/uploads\/2020\/02\/06-02-2020-Conversa-com-o-Reitor.mp3<\/a><\/audio>\n","protected":false},"excerpt":{"rendered":"<p>Na edi\u00e7\u00e3o #3 do Conversa com o Reitor, Benhur Gaio e Dinamara Machado conversam sobre&#8230;<\/p>\n","protected":false},"author":3,"featured_media":30517,"comment_status":"open","ping_status":"open","sticky":false,"template":"","format":"standard","meta":[],"categories":[2724],"tags":[],"_links":{"self":[{"href":"https:\/\/www.uninter.com\/radio\/wp-json\/wp\/v2\/posts\/27895"}],"collection":[{"href":"https:\/\/www.uninter.com\/radio\/wp-json\/wp\/v2\/posts"}],"about":[{"href":"https:\/\/www.uninter.com\/radio\/wp-json\/wp\/v2\/types\/post"}],"author":[{"embeddable":true,"href":"https:\/\/www.uninter.com\/radio\/wp-json\/wp\/v2\/users\/3"}],"replies":[{"embeddable":true,"href":"https:\/\/www.uninter.com\/radio\/wp-json\/wp\/v2\/comments?post=27895"}],"version-history":[{"count":4,"href":"https:\/\/www.uninter.com\/radio\/wp-json\/wp\/v2\/posts\/27895\/revisions"}],"predecessor-version":[{"id":27980,"href":"https:\/\/www.uninter.com\/radio\/wp-json\/wp\/v2\/posts\/27895\/revisions\/27980"}],"wp:featuredmedia":[{"embeddable":true,"href":"https:\/\/www.uninter.com\/radio\/wp-json\/wp\/v2\/media\/30517"}],"wp:attachment":[{"href":"https:\/\/www.uninter.com\/radio\/wp-json\/wp\/v2\/media?parent=27895"}],"wp:term":[{"taxonomy":"category","embeddable":true,"href":"https:\/\/www.uninter.com\/radio\/wp-json\/wp\/v2\/categories?post=27895"},{"taxonomy":"post_tag","embeddable":true,"href":"https:\/\/www.uninter.com\/radio\/wp-json\/wp\/v2\/tags?post=27895"}],"curies":[{"name":"wp","href":"https:\/\/api.w.org\/{rel}","templated":true}]}}