{"id":27870,"date":"2020-02-10T11:01:26","date_gmt":"2020-02-10T14:01:26","guid":{"rendered":"https:\/\/www.uninter.com\/radio\/?p=27870"},"modified":"2020-05-26T00:29:45","modified_gmt":"2020-05-26T03:29:45","slug":"cafe-com-gestao9","status":"publish","type":"post","link":"https:\/\/www.uninter.com\/radio\/cafe-com-gestao9","title":{"rendered":"Caf\u00e9 com Gest\u00e3o #9"},"content":{"rendered":"<p>Na primeira edi\u00e7\u00e3o do Caf\u00e9 com Gest\u00e3o de 2020, o aluno de Administra\u00e7\u00e3o da Uninter, Guilherme Pereira, conversa sobre criar oportunidades de trabalho a partir da faculdade. Confira!<\/p>\n<!--[if lt IE 9]><script>document.createElement('audio');<\/script><![endif]-->\n<audio class=\"wp-audio-shortcode\" id=\"audio-27870-1\" preload=\"none\" style=\"width: 100%;\" controls=\"controls\"><source type=\"audio\/mpeg\" src=\"https:\/\/www.uninter.com\/radio\/wp-content\/uploads\/2020\/02\/04.02.2020-Cafe-com-Gestao.mp3?_=1\" \/><a href=\"https:\/\/www.uninter.com\/radio\/wp-content\/uploads\/2020\/02\/04.02.2020-Cafe-com-Gestao.mp3\">https:\/\/www.uninter.com\/radio\/wp-content\/uploads\/2020\/02\/04.02.2020-Cafe-com-Gestao.mp3<\/a><\/audio>\n","protected":false},"excerpt":{"rendered":"<p>Na primeira edi\u00e7\u00e3o do Caf\u00e9 com Gest\u00e3o de 2020, o aluno de Administra\u00e7\u00e3o da Uninter,&#8230;<\/p>\n","protected":false},"author":3,"featured_media":30520,"comment_status":"open","ping_status":"open","sticky":false,"template":"","format":"standard","meta":[],"categories":[2702],"tags":[],"_links":{"self":[{"href":"https:\/\/www.uninter.com\/radio\/wp-json\/wp\/v2\/posts\/27870"}],"collection":[{"href":"https:\/\/www.uninter.com\/radio\/wp-json\/wp\/v2\/posts"}],"about":[{"href":"https:\/\/www.uninter.com\/radio\/wp-json\/wp\/v2\/types\/post"}],"author":[{"embeddable":true,"href":"https:\/\/www.uninter.com\/radio\/wp-json\/wp\/v2\/users\/3"}],"replies":[{"embeddable":true,"href":"https:\/\/www.uninter.com\/radio\/wp-json\/wp\/v2\/comments?post=27870"}],"version-history":[{"count":2,"href":"https:\/\/www.uninter.com\/radio\/wp-json\/wp\/v2\/posts\/27870\/revisions"}],"predecessor-version":[{"id":27987,"href":"https:\/\/www.uninter.com\/radio\/wp-json\/wp\/v2\/posts\/27870\/revisions\/27987"}],"wp:featuredmedia":[{"embeddable":true,"href":"https:\/\/www.uninter.com\/radio\/wp-json\/wp\/v2\/media\/30520"}],"wp:attachment":[{"href":"https:\/\/www.uninter.com\/radio\/wp-json\/wp\/v2\/media?parent=27870"}],"wp:term":[{"taxonomy":"category","embeddable":true,"href":"https:\/\/www.uninter.com\/radio\/wp-json\/wp\/v2\/categories?post=27870"},{"taxonomy":"post_tag","embeddable":true,"href":"https:\/\/www.uninter.com\/radio\/wp-json\/wp\/v2\/tags?post=27870"}],"curies":[{"name":"wp","href":"https:\/\/api.w.org\/{rel}","templated":true}]}}