{"id":27864,"date":"2020-02-10T10:50:42","date_gmt":"2020-02-10T13:50:42","guid":{"rendered":"https:\/\/www.uninter.com\/radio\/?p=27864"},"modified":"2020-02-14T10:38:50","modified_gmt":"2020-02-14T13:38:50","slug":"brasil-nosso-pais-em-transformacao12","status":"publish","type":"post","link":"https:\/\/www.uninter.com\/radio\/brasil-nosso-pais-em-transformacao12","title":{"rendered":"Brasil, nosso pa\u00eds em transforma\u00e7\u00e3o #12"},"content":{"rendered":"<p>O tema do epis\u00f3dio #12 do Brasil: nosso pa\u00eds em transforma\u00e7\u00e3o de hoje \u00e9 a carreira docente, com Patr\u00edcia Carlo e Ivo Carraro. Confira!<\/p>\n<!--[if lt IE 9]><script>document.createElement('audio');<\/script><![endif]-->\n<audio class=\"wp-audio-shortcode\" id=\"audio-27864-1\" preload=\"none\" style=\"width: 100%;\" controls=\"controls\"><source type=\"audio\/mpeg\" src=\"https:\/\/www.uninter.com\/radio\/wp-content\/uploads\/2020\/02\/04.02.2020-Brasil-nosso-pa\u00eds-em-transforma\u00e7\u00e3o.mp3?_=1\" \/><a href=\"https:\/\/www.uninter.com\/radio\/wp-content\/uploads\/2020\/02\/04.02.2020-Brasil-nosso-pa\u00eds-em-transforma\u00e7\u00e3o.mp3\">https:\/\/www.uninter.com\/radio\/wp-content\/uploads\/2020\/02\/04.02.2020-Brasil-nosso-pa\u00eds-em-transforma\u00e7\u00e3o.mp3<\/a><\/audio>\n","protected":false},"excerpt":{"rendered":"<p>O tema do epis\u00f3dio #12 do Brasil: nosso pa\u00eds em transforma\u00e7\u00e3o de hoje \u00e9 a&#8230;<\/p>\n","protected":false},"author":3,"featured_media":30512,"comment_status":"open","ping_status":"open","sticky":false,"template":"","format":"standard","meta":[],"categories":[2717],"tags":[],"_links":{"self":[{"href":"https:\/\/www.uninter.com\/radio\/wp-json\/wp\/v2\/posts\/27864"}],"collection":[{"href":"https:\/\/www.uninter.com\/radio\/wp-json\/wp\/v2\/posts"}],"about":[{"href":"https:\/\/www.uninter.com\/radio\/wp-json\/wp\/v2\/types\/post"}],"author":[{"embeddable":true,"href":"https:\/\/www.uninter.com\/radio\/wp-json\/wp\/v2\/users\/3"}],"replies":[{"embeddable":true,"href":"https:\/\/www.uninter.com\/radio\/wp-json\/wp\/v2\/comments?post=27864"}],"version-history":[{"count":2,"href":"https:\/\/www.uninter.com\/radio\/wp-json\/wp\/v2\/posts\/27864\/revisions"}],"predecessor-version":[{"id":27989,"href":"https:\/\/www.uninter.com\/radio\/wp-json\/wp\/v2\/posts\/27864\/revisions\/27989"}],"wp:featuredmedia":[{"embeddable":true,"href":"https:\/\/www.uninter.com\/radio\/wp-json\/wp\/v2\/media\/30512"}],"wp:attachment":[{"href":"https:\/\/www.uninter.com\/radio\/wp-json\/wp\/v2\/media?parent=27864"}],"wp:term":[{"taxonomy":"category","embeddable":true,"href":"https:\/\/www.uninter.com\/radio\/wp-json\/wp\/v2\/categories?post=27864"},{"taxonomy":"post_tag","embeddable":true,"href":"https:\/\/www.uninter.com\/radio\/wp-json\/wp\/v2\/tags?post=27864"}],"curies":[{"name":"wp","href":"https:\/\/api.w.org\/{rel}","templated":true}]}}