{"id":27815,"date":"2020-02-03T10:07:57","date_gmt":"2020-02-03T13:07:57","guid":{"rendered":"https:\/\/www.uninter.com\/radio\/?p=27815"},"modified":"2020-06-01T14:58:01","modified_gmt":"2020-06-01T17:58:01","slug":"memoria-viva8","status":"publish","type":"post","link":"https:\/\/www.uninter.com\/radio\/memoria-viva8","title":{"rendered":"Mem\u00f3ria Viva #8"},"content":{"rendered":"<p>Na edi\u00e7\u00e3o #8 do programa, Antoine Kamel entrevista Edilaine Cegan.\u00a0\u00a0Ela tua na Escola de Gest\u00e3o, Comunica\u00e7\u00e3o e Neg\u00f3cios, e tamb\u00e9m no setor de avalia\u00e7\u00f5es e suporte \u00e0 dire\u00e7\u00e3o. Acompanhe!<\/p>\n<!--[if lt IE 9]><script>document.createElement('audio');<\/script><![endif]-->\n<audio class=\"wp-audio-shortcode\" id=\"audio-27815-1\" preload=\"none\" style=\"width: 100%;\" controls=\"controls\"><source type=\"audio\/mpeg\" src=\"https:\/\/www.uninter.com\/radio\/wp-content\/uploads\/2020\/02\/31.01.2020-Memoria-Viva.mp3?_=1\" \/><a href=\"https:\/\/www.uninter.com\/radio\/wp-content\/uploads\/2020\/02\/31.01.2020-Memoria-Viva.mp3\">https:\/\/www.uninter.com\/radio\/wp-content\/uploads\/2020\/02\/31.01.2020-Memoria-Viva.mp3<\/a><\/audio>\n","protected":false},"excerpt":{"rendered":"<p>Na edi\u00e7\u00e3o #8 do programa, Antoine Kamel entrevista Edilaine Cegan.\u00a0\u00a0Ela tua na Escola de Gest\u00e3o,&#8230;<\/p>\n","protected":false},"author":3,"featured_media":30533,"comment_status":"open","ping_status":"open","sticky":false,"template":"","format":"standard","meta":[],"categories":[2712],"tags":[],"_links":{"self":[{"href":"https:\/\/www.uninter.com\/radio\/wp-json\/wp\/v2\/posts\/27815"}],"collection":[{"href":"https:\/\/www.uninter.com\/radio\/wp-json\/wp\/v2\/posts"}],"about":[{"href":"https:\/\/www.uninter.com\/radio\/wp-json\/wp\/v2\/types\/post"}],"author":[{"embeddable":true,"href":"https:\/\/www.uninter.com\/radio\/wp-json\/wp\/v2\/users\/3"}],"replies":[{"embeddable":true,"href":"https:\/\/www.uninter.com\/radio\/wp-json\/wp\/v2\/comments?post=27815"}],"version-history":[{"count":2,"href":"https:\/\/www.uninter.com\/radio\/wp-json\/wp\/v2\/posts\/27815\/revisions"}],"predecessor-version":[{"id":27998,"href":"https:\/\/www.uninter.com\/radio\/wp-json\/wp\/v2\/posts\/27815\/revisions\/27998"}],"wp:featuredmedia":[{"embeddable":true,"href":"https:\/\/www.uninter.com\/radio\/wp-json\/wp\/v2\/media\/30533"}],"wp:attachment":[{"href":"https:\/\/www.uninter.com\/radio\/wp-json\/wp\/v2\/media?parent=27815"}],"wp:term":[{"taxonomy":"category","embeddable":true,"href":"https:\/\/www.uninter.com\/radio\/wp-json\/wp\/v2\/categories?post=27815"},{"taxonomy":"post_tag","embeddable":true,"href":"https:\/\/www.uninter.com\/radio\/wp-json\/wp\/v2\/tags?post=27815"}],"curies":[{"name":"wp","href":"https:\/\/api.w.org\/{rel}","templated":true}]}}