{"id":27807,"date":"2020-01-31T18:20:33","date_gmt":"2020-01-31T21:20:33","guid":{"rendered":"https:\/\/www.uninter.com\/radio\/?p=27807"},"modified":"2020-05-26T01:14:41","modified_gmt":"2020-05-26T04:14:41","slug":"conversa-com-o-reitor2","status":"publish","type":"post","link":"https:\/\/www.uninter.com\/radio\/conversa-com-o-reitor2","title":{"rendered":"Conversa com o Reitor #2"},"content":{"rendered":"<!--[if lt IE 9]><script>document.createElement('audio');<\/script><![endif]-->\n<audio class=\"wp-audio-shortcode\" id=\"audio-27807-1\" preload=\"none\" style=\"width: 100%;\" controls=\"controls\"><source type=\"audio\/mpeg\" src=\"https:\/\/www.uninter.com\/radio\/wp-content\/uploads\/2020\/01\/31.01.2020-Conversa-com-reitor-Benhur-Gaio-.mp3?_=1\" \/><a href=\"https:\/\/www.uninter.com\/radio\/wp-content\/uploads\/2020\/01\/31.01.2020-Conversa-com-reitor-Benhur-Gaio-.mp3\">https:\/\/www.uninter.com\/radio\/wp-content\/uploads\/2020\/01\/31.01.2020-Conversa-com-reitor-Benhur-Gaio-.mp3<\/a><\/audio>\n<p>Quais as profiss\u00f5es do futuro? Entre as 15 profiss\u00f5es que est\u00e3o em alta para 2020, gest\u00e3o de m\u00eddias sociais lidera a lista. Saiba mais sobre o UninterTech. O reitor Benhur Gaio contou com\u00a0a participa\u00e7\u00e3o do docente Marlus Humberto Geronasso para explicar esse novo projeto.<\/p>\n","protected":false},"excerpt":{"rendered":"<p>Quais as profiss\u00f5es do futuro? Entre as 15 profiss\u00f5es que est\u00e3o em alta para 2020,&#8230;<\/p>\n","protected":false},"author":12,"featured_media":30517,"comment_status":"open","ping_status":"open","sticky":false,"template":"","format":"standard","meta":[],"categories":[2724],"tags":[],"_links":{"self":[{"href":"https:\/\/www.uninter.com\/radio\/wp-json\/wp\/v2\/posts\/27807"}],"collection":[{"href":"https:\/\/www.uninter.com\/radio\/wp-json\/wp\/v2\/posts"}],"about":[{"href":"https:\/\/www.uninter.com\/radio\/wp-json\/wp\/v2\/types\/post"}],"author":[{"embeddable":true,"href":"https:\/\/www.uninter.com\/radio\/wp-json\/wp\/v2\/users\/12"}],"replies":[{"embeddable":true,"href":"https:\/\/www.uninter.com\/radio\/wp-json\/wp\/v2\/comments?post=27807"}],"version-history":[{"count":5,"href":"https:\/\/www.uninter.com\/radio\/wp-json\/wp\/v2\/posts\/27807\/revisions"}],"predecessor-version":[{"id":27999,"href":"https:\/\/www.uninter.com\/radio\/wp-json\/wp\/v2\/posts\/27807\/revisions\/27999"}],"wp:featuredmedia":[{"embeddable":true,"href":"https:\/\/www.uninter.com\/radio\/wp-json\/wp\/v2\/media\/30517"}],"wp:attachment":[{"href":"https:\/\/www.uninter.com\/radio\/wp-json\/wp\/v2\/media?parent=27807"}],"wp:term":[{"taxonomy":"category","embeddable":true,"href":"https:\/\/www.uninter.com\/radio\/wp-json\/wp\/v2\/categories?post=27807"},{"taxonomy":"post_tag","embeddable":true,"href":"https:\/\/www.uninter.com\/radio\/wp-json\/wp\/v2\/tags?post=27807"}],"curies":[{"name":"wp","href":"https:\/\/api.w.org\/{rel}","templated":true}]}}