{"id":27778,"date":"2020-01-24T14:28:07","date_gmt":"2020-01-24T17:28:07","guid":{"rendered":"https:\/\/www.uninter.com\/radio\/?p=27778"},"modified":"2020-02-14T10:26:46","modified_gmt":"2020-02-14T13:26:46","slug":"soundtrack12","status":"publish","type":"post","link":"https:\/\/www.uninter.com\/radio\/soundtrack12","title":{"rendered":"Soundtrack #12 &#8211; Judy"},"content":{"rendered":"<p>A edi\u00e7\u00e3o #12 do Soundtrack traz a trilha sonora do filme &#8220;Judy: muito al\u00e9m do arco-\u00edris&#8221;. Confira&#8221;<\/p>\n<!--[if lt IE 9]><script>document.createElement('audio');<\/script><![endif]-->\n<audio class=\"wp-audio-shortcode\" id=\"audio-27778-1\" preload=\"none\" style=\"width: 100%;\" controls=\"controls\"><source type=\"audio\/mpeg\" src=\"https:\/\/www.uninter.com\/radio\/wp-content\/uploads\/2020\/01\/22.01.2020-Soundtrack.mp3?_=1\" \/><a href=\"https:\/\/www.uninter.com\/radio\/wp-content\/uploads\/2020\/01\/22.01.2020-Soundtrack.mp3\">https:\/\/www.uninter.com\/radio\/wp-content\/uploads\/2020\/01\/22.01.2020-Soundtrack.mp3<\/a><\/audio>\n","protected":false},"excerpt":{"rendered":"<p>A edi\u00e7\u00e3o #12 do Soundtrack traz a trilha sonora do filme &#8220;Judy: muito al\u00e9m do&#8230;<\/p>\n","protected":false},"author":3,"featured_media":30542,"comment_status":"open","ping_status":"open","sticky":false,"template":"","format":"standard","meta":[],"categories":[2710],"tags":[],"_links":{"self":[{"href":"https:\/\/www.uninter.com\/radio\/wp-json\/wp\/v2\/posts\/27778"}],"collection":[{"href":"https:\/\/www.uninter.com\/radio\/wp-json\/wp\/v2\/posts"}],"about":[{"href":"https:\/\/www.uninter.com\/radio\/wp-json\/wp\/v2\/types\/post"}],"author":[{"embeddable":true,"href":"https:\/\/www.uninter.com\/radio\/wp-json\/wp\/v2\/users\/3"}],"replies":[{"embeddable":true,"href":"https:\/\/www.uninter.com\/radio\/wp-json\/wp\/v2\/comments?post=27778"}],"version-history":[{"count":2,"href":"https:\/\/www.uninter.com\/radio\/wp-json\/wp\/v2\/posts\/27778\/revisions"}],"predecessor-version":[{"id":27959,"href":"https:\/\/www.uninter.com\/radio\/wp-json\/wp\/v2\/posts\/27778\/revisions\/27959"}],"wp:featuredmedia":[{"embeddable":true,"href":"https:\/\/www.uninter.com\/radio\/wp-json\/wp\/v2\/media\/30542"}],"wp:attachment":[{"href":"https:\/\/www.uninter.com\/radio\/wp-json\/wp\/v2\/media?parent=27778"}],"wp:term":[{"taxonomy":"category","embeddable":true,"href":"https:\/\/www.uninter.com\/radio\/wp-json\/wp\/v2\/categories?post=27778"},{"taxonomy":"post_tag","embeddable":true,"href":"https:\/\/www.uninter.com\/radio\/wp-json\/wp\/v2\/tags?post=27778"}],"curies":[{"name":"wp","href":"https:\/\/api.w.org\/{rel}","templated":true}]}}