{"id":27404,"date":"2020-01-15T14:34:39","date_gmt":"2020-01-15T17:34:39","guid":{"rendered":"https:\/\/www.uninter.com\/radio\/?p=27404"},"modified":"2020-02-14T11:36:54","modified_gmt":"2020-02-14T14:36:54","slug":"humanidades7","status":"publish","type":"post","link":"https:\/\/www.uninter.com\/radio\/humanidades7","title":{"rendered":"Humanidades #7"},"content":{"rendered":"<p>Segundo dados da Pesquisa Nacional por Amostra de Domic\u00edlios (PnadC), em 2016, havia 2,4 milh\u00f5es de crian\u00e7as e adolescentes\u00a0na idade de 5 a 17 anos em situa\u00e7\u00e3o de trabalho infantil. M\u00e1rcia Aparecida Osovski Suss &#8211; professora\u00a0do curso de servi\u00e7o social da Uninter\u00a0 e Dr. Rui Tavares &#8211; Auditor\u00a0da Superintend\u00eancia Regional do Trabalho conversam sobre o tema.<\/p>\n<!--[if lt IE 9]><script>document.createElement('audio');<\/script><![endif]-->\n<audio class=\"wp-audio-shortcode\" id=\"audio-27404-1\" preload=\"none\" style=\"width: 100%;\" controls=\"controls\"><source type=\"audio\/mpeg\" src=\"https:\/\/www.uninter.com\/radio\/wp-content\/uploads\/2020\/01\/04.12-Humanidades.mp3?_=1\" \/><a href=\"https:\/\/www.uninter.com\/radio\/wp-content\/uploads\/2020\/01\/04.12-Humanidades.mp3\">https:\/\/www.uninter.com\/radio\/wp-content\/uploads\/2020\/01\/04.12-Humanidades.mp3<\/a><\/audio>\n","protected":false},"excerpt":{"rendered":"<p>Segundo dados da Pesquisa Nacional por Amostra de Domic\u00edlios (PnadC), em 2016, havia 2,4 milh\u00f5es&#8230;<\/p>\n","protected":false},"author":12,"featured_media":30528,"comment_status":"open","ping_status":"open","sticky":false,"template":"","format":"standard","meta":[],"categories":[2707],"tags":[],"_links":{"self":[{"href":"https:\/\/www.uninter.com\/radio\/wp-json\/wp\/v2\/posts\/27404"}],"collection":[{"href":"https:\/\/www.uninter.com\/radio\/wp-json\/wp\/v2\/posts"}],"about":[{"href":"https:\/\/www.uninter.com\/radio\/wp-json\/wp\/v2\/types\/post"}],"author":[{"embeddable":true,"href":"https:\/\/www.uninter.com\/radio\/wp-json\/wp\/v2\/users\/12"}],"replies":[{"embeddable":true,"href":"https:\/\/www.uninter.com\/radio\/wp-json\/wp\/v2\/comments?post=27404"}],"version-history":[{"count":2,"href":"https:\/\/www.uninter.com\/radio\/wp-json\/wp\/v2\/posts\/27404\/revisions"}],"predecessor-version":[{"id":28079,"href":"https:\/\/www.uninter.com\/radio\/wp-json\/wp\/v2\/posts\/27404\/revisions\/28079"}],"wp:featuredmedia":[{"embeddable":true,"href":"https:\/\/www.uninter.com\/radio\/wp-json\/wp\/v2\/media\/30528"}],"wp:attachment":[{"href":"https:\/\/www.uninter.com\/radio\/wp-json\/wp\/v2\/media?parent=27404"}],"wp:term":[{"taxonomy":"category","embeddable":true,"href":"https:\/\/www.uninter.com\/radio\/wp-json\/wp\/v2\/categories?post=27404"},{"taxonomy":"post_tag","embeddable":true,"href":"https:\/\/www.uninter.com\/radio\/wp-json\/wp\/v2\/tags?post=27404"}],"curies":[{"name":"wp","href":"https:\/\/api.w.org\/{rel}","templated":true}]}}