{"id":27237,"date":"2020-01-13T11:54:02","date_gmt":"2020-01-13T14:54:02","guid":{"rendered":"https:\/\/www.uninter.com\/radio\/?p=27237"},"modified":"2020-05-26T00:29:13","modified_gmt":"2020-05-26T03:29:13","slug":"cafe-com-gestao7","status":"publish","type":"post","link":"https:\/\/www.uninter.com\/radio\/cafe-com-gestao7","title":{"rendered":"Caf\u00e9 com Gest\u00e3o #7"},"content":{"rendered":"<p>O tema do epis\u00f3dio #7 \u00e9 o mercado de trabalho e a Gest\u00e3o de pessoas. Para falar sobre o assunto, Vanessa Rolon convida o Prof. Mestre Ademir Bueno. Ou\u00e7a no podcast!<\/p>\n<!--[if lt IE 9]><script>document.createElement('audio');<\/script><![endif]-->\n<audio class=\"wp-audio-shortcode\" id=\"audio-27237-1\" preload=\"none\" style=\"width: 100%;\" controls=\"controls\"><source type=\"audio\/mpeg\" src=\"https:\/\/www.uninter.com\/radio\/wp-content\/uploads\/2020\/01\/EP07-19.11-Caf\u00e9-Com-Gest\u00e3o.mp3?_=1\" \/><a href=\"https:\/\/www.uninter.com\/radio\/wp-content\/uploads\/2020\/01\/EP07-19.11-Caf\u00e9-Com-Gest\u00e3o.mp3\">https:\/\/www.uninter.com\/radio\/wp-content\/uploads\/2020\/01\/EP07-19.11-Caf\u00e9-Com-Gest\u00e3o.mp3<\/a><\/audio>\n","protected":false},"excerpt":{"rendered":"<p>O tema do epis\u00f3dio #7 \u00e9 o mercado de trabalho e a Gest\u00e3o de pessoas&#8230;.<\/p>\n","protected":false},"author":3,"featured_media":30520,"comment_status":"open","ping_status":"open","sticky":false,"template":"","format":"standard","meta":[],"categories":[2702],"tags":[],"_links":{"self":[{"href":"https:\/\/www.uninter.com\/radio\/wp-json\/wp\/v2\/posts\/27237"}],"collection":[{"href":"https:\/\/www.uninter.com\/radio\/wp-json\/wp\/v2\/posts"}],"about":[{"href":"https:\/\/www.uninter.com\/radio\/wp-json\/wp\/v2\/types\/post"}],"author":[{"embeddable":true,"href":"https:\/\/www.uninter.com\/radio\/wp-json\/wp\/v2\/users\/3"}],"replies":[{"embeddable":true,"href":"https:\/\/www.uninter.com\/radio\/wp-json\/wp\/v2\/comments?post=27237"}],"version-history":[{"count":2,"href":"https:\/\/www.uninter.com\/radio\/wp-json\/wp\/v2\/posts\/27237\/revisions"}],"predecessor-version":[{"id":28124,"href":"https:\/\/www.uninter.com\/radio\/wp-json\/wp\/v2\/posts\/27237\/revisions\/28124"}],"wp:featuredmedia":[{"embeddable":true,"href":"https:\/\/www.uninter.com\/radio\/wp-json\/wp\/v2\/media\/30520"}],"wp:attachment":[{"href":"https:\/\/www.uninter.com\/radio\/wp-json\/wp\/v2\/media?parent=27237"}],"wp:term":[{"taxonomy":"category","embeddable":true,"href":"https:\/\/www.uninter.com\/radio\/wp-json\/wp\/v2\/categories?post=27237"},{"taxonomy":"post_tag","embeddable":true,"href":"https:\/\/www.uninter.com\/radio\/wp-json\/wp\/v2\/tags?post=27237"}],"curies":[{"name":"wp","href":"https:\/\/api.w.org\/{rel}","templated":true}]}}