{"id":27234,"date":"2020-01-13T12:02:40","date_gmt":"2020-01-13T15:02:40","guid":{"rendered":"https:\/\/www.uninter.com\/radio\/?p=27234"},"modified":"2020-03-27T15:27:25","modified_gmt":"2020-03-27T18:27:25","slug":"brasil-nosso-pais-em-transformacao7","status":"publish","type":"post","link":"https:\/\/www.uninter.com\/radio\/brasil-nosso-pais-em-transformacao7","title":{"rendered":"Brasil: nosso pa\u00eds em transforma\u00e7\u00e3o #7"},"content":{"rendered":"<p>O assunto do epis\u00f3dio #7 \u00e9 acolhimento familiar. Com lei 8.069 de\u00a01990 \u00e9 institu\u00eddo o Estatuto\u00a0da Crian\u00e7a e do Adolescente (ECA), com o objetivo\u00a0de prote\u00e7\u00e3o \u00e0 inf\u00e2ncia e ao adolescente. Renata Paranhos conduz essa edi\u00e7\u00e3o com convidados especialistas no assunto.<\/p>\n<!--[if lt IE 9]><script>document.createElement('audio');<\/script><![endif]-->\n<audio class=\"wp-audio-shortcode\" id=\"audio-27234-1\" preload=\"none\" style=\"width: 100%;\" controls=\"controls\"><source type=\"audio\/mpeg\" src=\"https:\/\/www.uninter.com\/radio\/wp-content\/uploads\/2020\/01\/26.11-BR-Nosso-Pa\u00eds-em-Transforma\u00e7\u00e3o.mp3?_=1\" \/><a href=\"https:\/\/www.uninter.com\/radio\/wp-content\/uploads\/2020\/01\/26.11-BR-Nosso-Pa\u00eds-em-Transforma\u00e7\u00e3o.mp3\">https:\/\/www.uninter.com\/radio\/wp-content\/uploads\/2020\/01\/26.11-BR-Nosso-Pa\u00eds-em-Transforma\u00e7\u00e3o.mp3<\/a><\/audio>\n","protected":false},"excerpt":{"rendered":"<p>O assunto do epis\u00f3dio #7 \u00e9 acolhimento familiar. Com lei 8.069 de\u00a01990 \u00e9 institu\u00eddo o&#8230;<\/p>\n","protected":false},"author":12,"featured_media":30512,"comment_status":"open","ping_status":"open","sticky":false,"template":"","format":"standard","meta":[],"categories":[2717],"tags":[],"_links":{"self":[{"href":"https:\/\/www.uninter.com\/radio\/wp-json\/wp\/v2\/posts\/27234"}],"collection":[{"href":"https:\/\/www.uninter.com\/radio\/wp-json\/wp\/v2\/posts"}],"about":[{"href":"https:\/\/www.uninter.com\/radio\/wp-json\/wp\/v2\/types\/post"}],"author":[{"embeddable":true,"href":"https:\/\/www.uninter.com\/radio\/wp-json\/wp\/v2\/users\/12"}],"replies":[{"embeddable":true,"href":"https:\/\/www.uninter.com\/radio\/wp-json\/wp\/v2\/comments?post=27234"}],"version-history":[{"count":3,"href":"https:\/\/www.uninter.com\/radio\/wp-json\/wp\/v2\/posts\/27234\/revisions"}],"predecessor-version":[{"id":28121,"href":"https:\/\/www.uninter.com\/radio\/wp-json\/wp\/v2\/posts\/27234\/revisions\/28121"}],"wp:featuredmedia":[{"embeddable":true,"href":"https:\/\/www.uninter.com\/radio\/wp-json\/wp\/v2\/media\/30512"}],"wp:attachment":[{"href":"https:\/\/www.uninter.com\/radio\/wp-json\/wp\/v2\/media?parent=27234"}],"wp:term":[{"taxonomy":"category","embeddable":true,"href":"https:\/\/www.uninter.com\/radio\/wp-json\/wp\/v2\/categories?post=27234"},{"taxonomy":"post_tag","embeddable":true,"href":"https:\/\/www.uninter.com\/radio\/wp-json\/wp\/v2\/tags?post=27234"}],"curies":[{"name":"wp","href":"https:\/\/api.w.org\/{rel}","templated":true}]}}