{"id":27203,"date":"2020-01-13T11:17:52","date_gmt":"2020-01-13T14:17:52","guid":{"rendered":"https:\/\/www.uninter.com\/radio\/?p=27203"},"modified":"2020-03-27T15:32:09","modified_gmt":"2020-03-27T18:32:09","slug":"brasil-nosso-pais-em-transformacao5","status":"publish","type":"post","link":"https:\/\/www.uninter.com\/radio\/brasil-nosso-pais-em-transformacao5","title":{"rendered":"Brasil: nosso pa\u00eds em transforma\u00e7\u00e3o #5"},"content":{"rendered":"<p>Sandra Maria Lopes e Alexandre de Andrade conversam sobre Gest\u00e3o de riscos e seguros. O coordenador da p\u00f3s-gradua\u00e7\u00e3o da \u00e1rea de neg\u00f3cios da Uninter explica como lidar com o assunto. Ser\u00e1 que n\u00f3s sabemos o que envolve a gest\u00e3o de riscos, e qual a preocupa\u00e7\u00e3o nas empresas?<\/p>\n<!--[if lt IE 9]><script>document.createElement('audio');<\/script><![endif]-->\n<audio class=\"wp-audio-shortcode\" id=\"audio-27203-1\" preload=\"none\" style=\"width: 100%;\" controls=\"controls\"><source type=\"audio\/mpeg\" src=\"https:\/\/www.uninter.com\/radio\/wp-content\/uploads\/2020\/01\/12.11-Brasil-Nosso-Pa\u00eds-em-Transforma\u00e7\u00e3o.mp3?_=1\" \/><a href=\"https:\/\/www.uninter.com\/radio\/wp-content\/uploads\/2020\/01\/12.11-Brasil-Nosso-Pa\u00eds-em-Transforma\u00e7\u00e3o.mp3\">https:\/\/www.uninter.com\/radio\/wp-content\/uploads\/2020\/01\/12.11-Brasil-Nosso-Pa\u00eds-em-Transforma\u00e7\u00e3o.mp3<\/a><\/audio>\n","protected":false},"excerpt":{"rendered":"<p>Sandra Maria Lopes e Alexandre de Andrade conversam sobre Gest\u00e3o de riscos e seguros. O&#8230;<\/p>\n","protected":false},"author":12,"featured_media":30512,"comment_status":"open","ping_status":"open","sticky":false,"template":"","format":"standard","meta":[],"categories":[2717],"tags":[],"_links":{"self":[{"href":"https:\/\/www.uninter.com\/radio\/wp-json\/wp\/v2\/posts\/27203"}],"collection":[{"href":"https:\/\/www.uninter.com\/radio\/wp-json\/wp\/v2\/posts"}],"about":[{"href":"https:\/\/www.uninter.com\/radio\/wp-json\/wp\/v2\/types\/post"}],"author":[{"embeddable":true,"href":"https:\/\/www.uninter.com\/radio\/wp-json\/wp\/v2\/users\/12"}],"replies":[{"embeddable":true,"href":"https:\/\/www.uninter.com\/radio\/wp-json\/wp\/v2\/comments?post=27203"}],"version-history":[{"count":3,"href":"https:\/\/www.uninter.com\/radio\/wp-json\/wp\/v2\/posts\/27203\/revisions"}],"predecessor-version":[{"id":28131,"href":"https:\/\/www.uninter.com\/radio\/wp-json\/wp\/v2\/posts\/27203\/revisions\/28131"}],"wp:featuredmedia":[{"embeddable":true,"href":"https:\/\/www.uninter.com\/radio\/wp-json\/wp\/v2\/media\/30512"}],"wp:attachment":[{"href":"https:\/\/www.uninter.com\/radio\/wp-json\/wp\/v2\/media?parent=27203"}],"wp:term":[{"taxonomy":"category","embeddable":true,"href":"https:\/\/www.uninter.com\/radio\/wp-json\/wp\/v2\/categories?post=27203"},{"taxonomy":"post_tag","embeddable":true,"href":"https:\/\/www.uninter.com\/radio\/wp-json\/wp\/v2\/tags?post=27203"}],"curies":[{"name":"wp","href":"https:\/\/api.w.org\/{rel}","templated":true}]}}