{"id":27108,"date":"2020-01-10T15:02:16","date_gmt":"2020-01-10T18:02:16","guid":{"rendered":"https:\/\/www.uninter.com\/radio\/?p=27108"},"modified":"2020-03-27T15:36:01","modified_gmt":"2020-03-27T18:36:01","slug":"brasil-nosso-pais-em-transformacao2","status":"publish","type":"post","link":"https:\/\/www.uninter.com\/radio\/brasil-nosso-pais-em-transformacao2","title":{"rendered":"Brasil: nosso pa\u00eds em transforma\u00e7\u00e3o #2"},"content":{"rendered":"<p>O tema dessa edi\u00e7\u00e3o \u00e9 o trabalho da gestante em ambientes insalubres. A conversa \u00e9 com Sandra Lopes, coordenadora dos cursos de Meio Ambiente na Uninter, Daniel de Christo &#8211; coordenador do curso de p\u00f3s-gradua\u00e7\u00e3o de Enfermagem do Trabalho, Priscilla Bortolotto &#8211; tutora dos cursos da p\u00f3s-gradua\u00e7\u00e3o em Direito da Uninter e tamb\u00e9m Rely Ribeiro &#8211; professora dos cursos da \u00e1rea social.<\/p>\n<!--[if lt IE 9]><script>document.createElement('audio');<\/script><![endif]-->\n<audio class=\"wp-audio-shortcode\" id=\"audio-27108-1\" preload=\"none\" style=\"width: 100%;\" controls=\"controls\"><source type=\"audio\/mpeg\" src=\"https:\/\/www.uninter.com\/radio\/wp-content\/uploads\/2020\/01\/15.10-Brasil-Nosso-Pa\u00eds-em-Transforma\u00e7\u00e3o.mp3?_=1\" \/><a href=\"https:\/\/www.uninter.com\/radio\/wp-content\/uploads\/2020\/01\/15.10-Brasil-Nosso-Pa\u00eds-em-Transforma\u00e7\u00e3o.mp3\">https:\/\/www.uninter.com\/radio\/wp-content\/uploads\/2020\/01\/15.10-Brasil-Nosso-Pa\u00eds-em-Transforma\u00e7\u00e3o.mp3<\/a><\/audio>\n","protected":false},"excerpt":{"rendered":"<p>O tema dessa edi\u00e7\u00e3o \u00e9 o trabalho da gestante em ambientes insalubres. A conversa \u00e9&#8230;<\/p>\n","protected":false},"author":12,"featured_media":30512,"comment_status":"open","ping_status":"open","sticky":false,"template":"","format":"standard","meta":[],"categories":[2717],"tags":[],"_links":{"self":[{"href":"https:\/\/www.uninter.com\/radio\/wp-json\/wp\/v2\/posts\/27108"}],"collection":[{"href":"https:\/\/www.uninter.com\/radio\/wp-json\/wp\/v2\/posts"}],"about":[{"href":"https:\/\/www.uninter.com\/radio\/wp-json\/wp\/v2\/types\/post"}],"author":[{"embeddable":true,"href":"https:\/\/www.uninter.com\/radio\/wp-json\/wp\/v2\/users\/12"}],"replies":[{"embeddable":true,"href":"https:\/\/www.uninter.com\/radio\/wp-json\/wp\/v2\/comments?post=27108"}],"version-history":[{"count":3,"href":"https:\/\/www.uninter.com\/radio\/wp-json\/wp\/v2\/posts\/27108\/revisions"}],"predecessor-version":[{"id":28147,"href":"https:\/\/www.uninter.com\/radio\/wp-json\/wp\/v2\/posts\/27108\/revisions\/28147"}],"wp:featuredmedia":[{"embeddable":true,"href":"https:\/\/www.uninter.com\/radio\/wp-json\/wp\/v2\/media\/30512"}],"wp:attachment":[{"href":"https:\/\/www.uninter.com\/radio\/wp-json\/wp\/v2\/media?parent=27108"}],"wp:term":[{"taxonomy":"category","embeddable":true,"href":"https:\/\/www.uninter.com\/radio\/wp-json\/wp\/v2\/categories?post=27108"},{"taxonomy":"post_tag","embeddable":true,"href":"https:\/\/www.uninter.com\/radio\/wp-json\/wp\/v2\/tags?post=27108"}],"curies":[{"name":"wp","href":"https:\/\/api.w.org\/{rel}","templated":true}]}}