{"id":27071,"date":"2020-01-10T11:01:58","date_gmt":"2020-01-10T14:01:58","guid":{"rendered":"https:\/\/www.uninter.com\/radio\/?p=27071"},"modified":"2020-02-14T14:34:55","modified_gmt":"2020-02-14T17:34:55","slug":"estacao-sustentavel9","status":"publish","type":"post","link":"https:\/\/www.uninter.com\/radio\/estacao-sustentavel9","title":{"rendered":"Esta\u00e7\u00e3o Sustent\u00e1vel #9"},"content":{"rendered":"<p>No epis\u00f3dio #9 os professores Andr\u00e9 Pelanda, Cristiano Cavei\u00e3o e Vera L\u00facia dos Santos falam sobre os res\u00edduos que s\u00e3o gerados no servi\u00e7o da sa\u00fade. Acompanhe.<\/p>\n<!--[if lt IE 9]><script>document.createElement('audio');<\/script><![endif]-->\n<audio class=\"wp-audio-shortcode\" id=\"audio-27071-1\" preload=\"none\" style=\"width: 100%;\" controls=\"controls\"><source type=\"audio\/mpeg\" src=\"https:\/\/www.uninter.com\/radio\/wp-content\/uploads\/2020\/01\/EP09-09.12-Estacao-Sustentavel.mp3?_=1\" \/><a href=\"https:\/\/www.uninter.com\/radio\/wp-content\/uploads\/2020\/01\/EP09-09.12-Estacao-Sustentavel.mp3\">https:\/\/www.uninter.com\/radio\/wp-content\/uploads\/2020\/01\/EP09-09.12-Estacao-Sustentavel.mp3<\/a><\/audio>\n","protected":false},"excerpt":{"rendered":"<p>No epis\u00f3dio #9 os professores Andr\u00e9 Pelanda, Cristiano Cavei\u00e3o e Vera L\u00facia dos Santos falam&#8230;<\/p>\n","protected":false},"author":3,"featured_media":30524,"comment_status":"open","ping_status":"open","sticky":false,"template":"","format":"standard","meta":[],"categories":[2705],"tags":[],"_links":{"self":[{"href":"https:\/\/www.uninter.com\/radio\/wp-json\/wp\/v2\/posts\/27071"}],"collection":[{"href":"https:\/\/www.uninter.com\/radio\/wp-json\/wp\/v2\/posts"}],"about":[{"href":"https:\/\/www.uninter.com\/radio\/wp-json\/wp\/v2\/types\/post"}],"author":[{"embeddable":true,"href":"https:\/\/www.uninter.com\/radio\/wp-json\/wp\/v2\/users\/3"}],"replies":[{"embeddable":true,"href":"https:\/\/www.uninter.com\/radio\/wp-json\/wp\/v2\/comments?post=27071"}],"version-history":[{"count":2,"href":"https:\/\/www.uninter.com\/radio\/wp-json\/wp\/v2\/posts\/27071\/revisions"}],"predecessor-version":[{"id":28158,"href":"https:\/\/www.uninter.com\/radio\/wp-json\/wp\/v2\/posts\/27071\/revisions\/28158"}],"wp:featuredmedia":[{"embeddable":true,"href":"https:\/\/www.uninter.com\/radio\/wp-json\/wp\/v2\/media\/30524"}],"wp:attachment":[{"href":"https:\/\/www.uninter.com\/radio\/wp-json\/wp\/v2\/media?parent=27071"}],"wp:term":[{"taxonomy":"category","embeddable":true,"href":"https:\/\/www.uninter.com\/radio\/wp-json\/wp\/v2\/categories?post=27071"},{"taxonomy":"post_tag","embeddable":true,"href":"https:\/\/www.uninter.com\/radio\/wp-json\/wp\/v2\/tags?post=27071"}],"curies":[{"name":"wp","href":"https:\/\/api.w.org\/{rel}","templated":true}]}}