{"id":27061,"date":"2020-01-10T10:30:40","date_gmt":"2020-01-10T13:30:40","guid":{"rendered":"https:\/\/www.uninter.com\/radio\/?p=27061"},"modified":"2020-02-14T14:45:12","modified_gmt":"2020-02-14T17:45:12","slug":"estacao-sustentavel6","status":"publish","type":"post","link":"https:\/\/www.uninter.com\/radio\/estacao-sustentavel6","title":{"rendered":"Esta\u00e7\u00e3o Sustent\u00e1vel #6"},"content":{"rendered":"<p>Os professores Andr\u00e9 Pelanda e Rodrigo Bert\u00e9 explicam sobre a import\u00e2ncia do Minist\u00e9rio do Meio Ambiente no epis\u00f3dio #6 do programa. Confira!<\/p>\n<!--[if lt IE 9]><script>document.createElement('audio');<\/script><![endif]-->\n<audio class=\"wp-audio-shortcode\" id=\"audio-27061-1\" preload=\"none\" style=\"width: 100%;\" controls=\"controls\"><source type=\"audio\/mpeg\" src=\"https:\/\/www.uninter.com\/radio\/wp-content\/uploads\/2020\/01\/EP06-18.11-Estacao-Sustent\u00e1vel.mp3?_=1\" \/><a href=\"https:\/\/www.uninter.com\/radio\/wp-content\/uploads\/2020\/01\/EP06-18.11-Estacao-Sustent\u00e1vel.mp3\">https:\/\/www.uninter.com\/radio\/wp-content\/uploads\/2020\/01\/EP06-18.11-Estacao-Sustent\u00e1vel.mp3<\/a><\/audio>\n<p>&nbsp;<\/p>\n","protected":false},"excerpt":{"rendered":"<p>Os professores Andr\u00e9 Pelanda e Rodrigo Bert\u00e9 explicam sobre a import\u00e2ncia do Minist\u00e9rio do Meio&#8230;<\/p>\n","protected":false},"author":3,"featured_media":30524,"comment_status":"open","ping_status":"open","sticky":false,"template":"","format":"standard","meta":[],"categories":[2705],"tags":[],"_links":{"self":[{"href":"https:\/\/www.uninter.com\/radio\/wp-json\/wp\/v2\/posts\/27061"}],"collection":[{"href":"https:\/\/www.uninter.com\/radio\/wp-json\/wp\/v2\/posts"}],"about":[{"href":"https:\/\/www.uninter.com\/radio\/wp-json\/wp\/v2\/types\/post"}],"author":[{"embeddable":true,"href":"https:\/\/www.uninter.com\/radio\/wp-json\/wp\/v2\/users\/3"}],"replies":[{"embeddable":true,"href":"https:\/\/www.uninter.com\/radio\/wp-json\/wp\/v2\/comments?post=27061"}],"version-history":[{"count":3,"href":"https:\/\/www.uninter.com\/radio\/wp-json\/wp\/v2\/posts\/27061\/revisions"}],"predecessor-version":[{"id":28162,"href":"https:\/\/www.uninter.com\/radio\/wp-json\/wp\/v2\/posts\/27061\/revisions\/28162"}],"wp:featuredmedia":[{"embeddable":true,"href":"https:\/\/www.uninter.com\/radio\/wp-json\/wp\/v2\/media\/30524"}],"wp:attachment":[{"href":"https:\/\/www.uninter.com\/radio\/wp-json\/wp\/v2\/media?parent=27061"}],"wp:term":[{"taxonomy":"category","embeddable":true,"href":"https:\/\/www.uninter.com\/radio\/wp-json\/wp\/v2\/categories?post=27061"},{"taxonomy":"post_tag","embeddable":true,"href":"https:\/\/www.uninter.com\/radio\/wp-json\/wp\/v2\/tags?post=27061"}],"curies":[{"name":"wp","href":"https:\/\/api.w.org\/{rel}","templated":true}]}}