{"id":27037,"date":"2020-01-09T16:22:47","date_gmt":"2020-01-09T19:22:47","guid":{"rendered":"https:\/\/www.uninter.com\/radio\/?p=27037"},"modified":"2020-02-14T10:25:14","modified_gmt":"2020-02-14T13:25:14","slug":"soundtrack8","status":"publish","type":"post","link":"https:\/\/www.uninter.com\/radio\/soundtrack8","title":{"rendered":"Soundtrack #8 &#8211; Captain Marvel"},"content":{"rendered":"<p>Mais um programa para os f\u00e3s dos filmes da Marvel! No epis\u00f3dio #8, Patrick Diener traz a trilha sonora do filme Capit\u00e3 Marvel. Confira!<\/p>\n<!--[if lt IE 9]><script>document.createElement('audio');<\/script><![endif]-->\n<audio class=\"wp-audio-shortcode\" id=\"audio-27037-1\" preload=\"none\" style=\"width: 100%;\" controls=\"controls\"><source type=\"audio\/mpeg\" src=\"https:\/\/www.uninter.com\/radio\/wp-content\/uploads\/2020\/01\/06.11-Soundtrack-EP08-Captain-Marvel.mp3?_=1\" \/><a href=\"https:\/\/www.uninter.com\/radio\/wp-content\/uploads\/2020\/01\/06.11-Soundtrack-EP08-Captain-Marvel.mp3\">https:\/\/www.uninter.com\/radio\/wp-content\/uploads\/2020\/01\/06.11-Soundtrack-EP08-Captain-Marvel.mp3<\/a><\/audio>\n","protected":false},"excerpt":{"rendered":"<p>Mais um programa para os f\u00e3s dos filmes da Marvel! No epis\u00f3dio #8, Patrick Diener&#8230;<\/p>\n","protected":false},"author":3,"featured_media":30542,"comment_status":"open","ping_status":"open","sticky":false,"template":"","format":"standard","meta":[],"categories":[2710],"tags":[],"_links":{"self":[{"href":"https:\/\/www.uninter.com\/radio\/wp-json\/wp\/v2\/posts\/27037"}],"collection":[{"href":"https:\/\/www.uninter.com\/radio\/wp-json\/wp\/v2\/posts"}],"about":[{"href":"https:\/\/www.uninter.com\/radio\/wp-json\/wp\/v2\/types\/post"}],"author":[{"embeddable":true,"href":"https:\/\/www.uninter.com\/radio\/wp-json\/wp\/v2\/users\/3"}],"replies":[{"embeddable":true,"href":"https:\/\/www.uninter.com\/radio\/wp-json\/wp\/v2\/comments?post=27037"}],"version-history":[{"count":2,"href":"https:\/\/www.uninter.com\/radio\/wp-json\/wp\/v2\/posts\/27037\/revisions"}],"predecessor-version":[{"id":27955,"href":"https:\/\/www.uninter.com\/radio\/wp-json\/wp\/v2\/posts\/27037\/revisions\/27955"}],"wp:featuredmedia":[{"embeddable":true,"href":"https:\/\/www.uninter.com\/radio\/wp-json\/wp\/v2\/media\/30542"}],"wp:attachment":[{"href":"https:\/\/www.uninter.com\/radio\/wp-json\/wp\/v2\/media?parent=27037"}],"wp:term":[{"taxonomy":"category","embeddable":true,"href":"https:\/\/www.uninter.com\/radio\/wp-json\/wp\/v2\/categories?post=27037"},{"taxonomy":"post_tag","embeddable":true,"href":"https:\/\/www.uninter.com\/radio\/wp-json\/wp\/v2\/tags?post=27037"}],"curies":[{"name":"wp","href":"https:\/\/api.w.org\/{rel}","templated":true}]}}