{"id":27029,"date":"2020-01-09T16:33:42","date_gmt":"2020-01-09T19:33:42","guid":{"rendered":"https:\/\/www.uninter.com\/radio\/?p=27029"},"modified":"2020-02-14T10:33:37","modified_gmt":"2020-02-14T13:33:37","slug":"batidas-por-minuto7","status":"publish","type":"post","link":"https:\/\/www.uninter.com\/radio\/batidas-por-minuto7","title":{"rendered":"BPM &#8211; Batidas Por Minuto #7 (Deutsche Welle)"},"content":{"rendered":"<p>A queda do muro de Berlim completou 30 anos em 2019. A reunifica\u00e7\u00e3o abriu novos horizontes. Os jovens do lado ocidental apresentaram para os moradores do lado comunista m\u00fasicas eletr\u00f4nicas House e Techno.\u00a0Um dos hits dessa edi\u00e7\u00e3o \u00e9 &#8220;Komm Zu Mir do filme &#8220;Corra Lola Corra&#8221;, cantado pela protagonista Franka Potente &amp; Thomas D.<\/p>\n<!--[if lt IE 9]><script>document.createElement('audio');<\/script><![endif]-->\n<audio class=\"wp-audio-shortcode\" id=\"audio-27029-1\" preload=\"none\" style=\"width: 100%;\" controls=\"controls\"><source type=\"audio\/mpeg\" src=\"https:\/\/www.uninter.com\/radio\/wp-content\/uploads\/2020\/01\/08-12-2019-BPM-07_mixdown.mp3?_=1\" \/><a href=\"https:\/\/www.uninter.com\/radio\/wp-content\/uploads\/2020\/01\/08-12-2019-BPM-07_mixdown.mp3\">https:\/\/www.uninter.com\/radio\/wp-content\/uploads\/2020\/01\/08-12-2019-BPM-07_mixdown.mp3<\/a><\/audio>\n<p>&nbsp;<\/p>\n<p>&nbsp;<\/p>\n<p>&nbsp;<\/p>\n<p>&nbsp;<\/p>\n","protected":false},"excerpt":{"rendered":"<p>A queda do muro de Berlim completou 30 anos em 2019. A reunifica\u00e7\u00e3o abriu novos&#8230;<\/p>\n","protected":false},"author":12,"featured_media":30519,"comment_status":"open","ping_status":"open","sticky":false,"template":"","format":"standard","meta":[],"categories":[2700],"tags":[],"_links":{"self":[{"href":"https:\/\/www.uninter.com\/radio\/wp-json\/wp\/v2\/posts\/27029"}],"collection":[{"href":"https:\/\/www.uninter.com\/radio\/wp-json\/wp\/v2\/posts"}],"about":[{"href":"https:\/\/www.uninter.com\/radio\/wp-json\/wp\/v2\/types\/post"}],"author":[{"embeddable":true,"href":"https:\/\/www.uninter.com\/radio\/wp-json\/wp\/v2\/users\/12"}],"replies":[{"embeddable":true,"href":"https:\/\/www.uninter.com\/radio\/wp-json\/wp\/v2\/comments?post=27029"}],"version-history":[{"count":4,"href":"https:\/\/www.uninter.com\/radio\/wp-json\/wp\/v2\/posts\/27029\/revisions"}],"predecessor-version":[{"id":27970,"href":"https:\/\/www.uninter.com\/radio\/wp-json\/wp\/v2\/posts\/27029\/revisions\/27970"}],"wp:featuredmedia":[{"embeddable":true,"href":"https:\/\/www.uninter.com\/radio\/wp-json\/wp\/v2\/media\/30519"}],"wp:attachment":[{"href":"https:\/\/www.uninter.com\/radio\/wp-json\/wp\/v2\/media?parent=27029"}],"wp:term":[{"taxonomy":"category","embeddable":true,"href":"https:\/\/www.uninter.com\/radio\/wp-json\/wp\/v2\/categories?post=27029"},{"taxonomy":"post_tag","embeddable":true,"href":"https:\/\/www.uninter.com\/radio\/wp-json\/wp\/v2\/tags?post=27029"}],"curies":[{"name":"wp","href":"https:\/\/api.w.org\/{rel}","templated":true}]}}