{"id":27015,"date":"2020-01-09T15:57:05","date_gmt":"2020-01-09T18:57:05","guid":{"rendered":"https:\/\/www.uninter.com\/radio\/?p=27015"},"modified":"2020-02-14T10:23:27","modified_gmt":"2020-02-14T13:23:27","slug":"soundtrack3","status":"publish","type":"post","link":"https:\/\/www.uninter.com\/radio\/soundtrack3","title":{"rendered":"Soundtrack #3 &#8211; La La Land"},"content":{"rendered":"<p>Se voc\u00ea \u00e9 f\u00e3 de musicais, n\u00e3o pode perder o epis\u00f3dio #3 do Soundtrack, que traz o filme do diretor\u00a0Damien Chazelle, La La Land &#8211; Cantando esta\u00e7\u00f5es.<\/p>\n<!--[if lt IE 9]><script>document.createElement('audio');<\/script><![endif]-->\n<audio class=\"wp-audio-shortcode\" id=\"audio-27015-1\" preload=\"none\" style=\"width: 100%;\" controls=\"controls\"><source type=\"audio\/mpeg\" src=\"https:\/\/www.uninter.com\/radio\/wp-content\/uploads\/2020\/01\/Soundtrack-3.mp3?_=1\" \/><a href=\"https:\/\/www.uninter.com\/radio\/wp-content\/uploads\/2020\/01\/Soundtrack-3.mp3\">https:\/\/www.uninter.com\/radio\/wp-content\/uploads\/2020\/01\/Soundtrack-3.mp3<\/a><\/audio>\n","protected":false},"excerpt":{"rendered":"<p>Se voc\u00ea \u00e9 f\u00e3 de musicais, n\u00e3o pode perder o epis\u00f3dio #3 do Soundtrack, que&#8230;<\/p>\n","protected":false},"author":3,"featured_media":30542,"comment_status":"open","ping_status":"open","sticky":false,"template":"","format":"standard","meta":[],"categories":[2710],"tags":[],"_links":{"self":[{"href":"https:\/\/www.uninter.com\/radio\/wp-json\/wp\/v2\/posts\/27015"}],"collection":[{"href":"https:\/\/www.uninter.com\/radio\/wp-json\/wp\/v2\/posts"}],"about":[{"href":"https:\/\/www.uninter.com\/radio\/wp-json\/wp\/v2\/types\/post"}],"author":[{"embeddable":true,"href":"https:\/\/www.uninter.com\/radio\/wp-json\/wp\/v2\/users\/3"}],"replies":[{"embeddable":true,"href":"https:\/\/www.uninter.com\/radio\/wp-json\/wp\/v2\/comments?post=27015"}],"version-history":[{"count":2,"href":"https:\/\/www.uninter.com\/radio\/wp-json\/wp\/v2\/posts\/27015\/revisions"}],"predecessor-version":[{"id":27950,"href":"https:\/\/www.uninter.com\/radio\/wp-json\/wp\/v2\/posts\/27015\/revisions\/27950"}],"wp:featuredmedia":[{"embeddable":true,"href":"https:\/\/www.uninter.com\/radio\/wp-json\/wp\/v2\/media\/30542"}],"wp:attachment":[{"href":"https:\/\/www.uninter.com\/radio\/wp-json\/wp\/v2\/media?parent=27015"}],"wp:term":[{"taxonomy":"category","embeddable":true,"href":"https:\/\/www.uninter.com\/radio\/wp-json\/wp\/v2\/categories?post=27015"},{"taxonomy":"post_tag","embeddable":true,"href":"https:\/\/www.uninter.com\/radio\/wp-json\/wp\/v2\/tags?post=27015"}],"curies":[{"name":"wp","href":"https:\/\/api.w.org\/{rel}","templated":true}]}}