{"id":26983,"date":"2020-01-08T17:28:18","date_gmt":"2020-01-08T20:28:18","guid":{"rendered":"https:\/\/www.uninter.com\/radio\/?p=26983"},"modified":"2020-06-01T10:27:22","modified_gmt":"2020-06-01T13:27:22","slug":"contra-informacao11","status":"publish","type":"post","link":"https:\/\/www.uninter.com\/radio\/contra-informacao11","title":{"rendered":"Contrainforma\u00e7\u00e3o #11"},"content":{"rendered":"<p>O convidado desta edi\u00e7\u00e3o \u00e9\u00a0Elson Faxina &#8211; professor e jornalista, co-fundador da Ciranda,\u00a0uma Organiza\u00e7\u00e3o N\u00e3o Governamental (ONG)\u00a0que contribui na qualifica\u00e7\u00e3o da cobertura jornal\u00edstica e do debate p\u00fablico sobre inf\u00e2ncia e adolesc\u00eancia no Paran\u00e1. Nesse epis\u00f3dio#11 o assunto \u00e9 m\u00eddia p\u00fablica.\u00a0Confira!<\/p>\n<!--[if lt IE 9]><script>document.createElement('audio');<\/script><![endif]-->\n<audio class=\"wp-audio-shortcode\" id=\"audio-26983-1\" preload=\"none\" style=\"width: 100%;\" controls=\"controls\"><source type=\"audio\/mpeg\" src=\"https:\/\/www.uninter.com\/radio\/wp-content\/uploads\/2020\/01\/03.12-Contra-Informacao-Parte-2.mp3?_=1\" \/><a href=\"https:\/\/www.uninter.com\/radio\/wp-content\/uploads\/2020\/01\/03.12-Contra-Informacao-Parte-2.mp3\">https:\/\/www.uninter.com\/radio\/wp-content\/uploads\/2020\/01\/03.12-Contra-Informacao-Parte-2.mp3<\/a><\/audio>\n","protected":false},"excerpt":{"rendered":"<p>O convidado desta edi\u00e7\u00e3o \u00e9\u00a0Elson Faxina &#8211; professor e jornalista, co-fundador da Ciranda,\u00a0uma Organiza\u00e7\u00e3o N\u00e3o&#8230;<\/p>\n","protected":false},"author":12,"featured_media":30522,"comment_status":"open","ping_status":"open","sticky":false,"template":"","format":"standard","meta":[],"categories":[2693],"tags":[],"_links":{"self":[{"href":"https:\/\/www.uninter.com\/radio\/wp-json\/wp\/v2\/posts\/26983"}],"collection":[{"href":"https:\/\/www.uninter.com\/radio\/wp-json\/wp\/v2\/posts"}],"about":[{"href":"https:\/\/www.uninter.com\/radio\/wp-json\/wp\/v2\/types\/post"}],"author":[{"embeddable":true,"href":"https:\/\/www.uninter.com\/radio\/wp-json\/wp\/v2\/users\/12"}],"replies":[{"embeddable":true,"href":"https:\/\/www.uninter.com\/radio\/wp-json\/wp\/v2\/comments?post=26983"}],"version-history":[{"count":3,"href":"https:\/\/www.uninter.com\/radio\/wp-json\/wp\/v2\/posts\/26983\/revisions"}],"predecessor-version":[{"id":28964,"href":"https:\/\/www.uninter.com\/radio\/wp-json\/wp\/v2\/posts\/26983\/revisions\/28964"}],"wp:featuredmedia":[{"embeddable":true,"href":"https:\/\/www.uninter.com\/radio\/wp-json\/wp\/v2\/media\/30522"}],"wp:attachment":[{"href":"https:\/\/www.uninter.com\/radio\/wp-json\/wp\/v2\/media?parent=26983"}],"wp:term":[{"taxonomy":"category","embeddable":true,"href":"https:\/\/www.uninter.com\/radio\/wp-json\/wp\/v2\/categories?post=26983"},{"taxonomy":"post_tag","embeddable":true,"href":"https:\/\/www.uninter.com\/radio\/wp-json\/wp\/v2\/tags?post=26983"}],"curies":[{"name":"wp","href":"https:\/\/api.w.org\/{rel}","templated":true}]}}