{"id":26968,"date":"2020-01-08T16:12:55","date_gmt":"2020-01-08T19:12:55","guid":{"rendered":"https:\/\/www.uninter.com\/radio\/?p=26968"},"modified":"2020-06-01T10:27:54","modified_gmt":"2020-06-01T13:27:54","slug":"contra-informacao9","status":"publish","type":"post","link":"https:\/\/www.uninter.com\/radio\/contra-informacao9","title":{"rendered":"Contrainforma\u00e7\u00e3o #9"},"content":{"rendered":"<p>Paula Zardt Padilha que \u00e9 diretora do SindijorPR e FENAJ explica qual o cen\u00e1rio atual da profiss\u00e3o de jornalista. Quais s\u00e3o as demandas do mercado?<\/p>\n","protected":false},"excerpt":{"rendered":"<p>Paula Zardt Padilha que \u00e9 diretora do SindijorPR e FENAJ explica qual o cen\u00e1rio atual&#8230;<\/p>\n","protected":false},"author":12,"featured_media":30522,"comment_status":"open","ping_status":"open","sticky":false,"template":"","format":"standard","meta":[],"categories":[2693],"tags":[],"_links":{"self":[{"href":"https:\/\/www.uninter.com\/radio\/wp-json\/wp\/v2\/posts\/26968"}],"collection":[{"href":"https:\/\/www.uninter.com\/radio\/wp-json\/wp\/v2\/posts"}],"about":[{"href":"https:\/\/www.uninter.com\/radio\/wp-json\/wp\/v2\/types\/post"}],"author":[{"embeddable":true,"href":"https:\/\/www.uninter.com\/radio\/wp-json\/wp\/v2\/users\/12"}],"replies":[{"embeddable":true,"href":"https:\/\/www.uninter.com\/radio\/wp-json\/wp\/v2\/comments?post=26968"}],"version-history":[{"count":3,"href":"https:\/\/www.uninter.com\/radio\/wp-json\/wp\/v2\/posts\/26968\/revisions"}],"predecessor-version":[{"id":28966,"href":"https:\/\/www.uninter.com\/radio\/wp-json\/wp\/v2\/posts\/26968\/revisions\/28966"}],"wp:featuredmedia":[{"embeddable":true,"href":"https:\/\/www.uninter.com\/radio\/wp-json\/wp\/v2\/media\/30522"}],"wp:attachment":[{"href":"https:\/\/www.uninter.com\/radio\/wp-json\/wp\/v2\/media?parent=26968"}],"wp:term":[{"taxonomy":"category","embeddable":true,"href":"https:\/\/www.uninter.com\/radio\/wp-json\/wp\/v2\/categories?post=26968"},{"taxonomy":"post_tag","embeddable":true,"href":"https:\/\/www.uninter.com\/radio\/wp-json\/wp\/v2\/tags?post=26968"}],"curies":[{"name":"wp","href":"https:\/\/api.w.org\/{rel}","templated":true}]}}