{"id":26964,"date":"2020-01-08T15:45:48","date_gmt":"2020-01-08T18:45:48","guid":{"rendered":"https:\/\/www.uninter.com\/radio\/?p=26964"},"modified":"2020-06-01T10:28:12","modified_gmt":"2020-06-01T13:28:12","slug":"contra-informacao8","status":"publish","type":"post","link":"https:\/\/www.uninter.com\/radio\/contra-informacao8","title":{"rendered":"Contrainforma\u00e7\u00e3o #8"},"content":{"rendered":"<p>O\u00a0epis\u00f3dio#8\u00a0conta com a participa\u00e7\u00e3o da jornalista Paula Zardt Padilha. Essa\u00a0edi\u00e7\u00e3o aborda os ataques \u00e0 credibilidade da imprensa pelo Poder Executivo.<\/p>\n<!--[if lt IE 9]><script>document.createElement('audio');<\/script><![endif]-->\n<audio class=\"wp-audio-shortcode\" id=\"audio-26964-1\" preload=\"none\" style=\"width: 100%;\" controls=\"controls\"><source type=\"audio\/mpeg\" src=\"https:\/\/www.uninter.com\/radio\/wp-content\/uploads\/2020\/01\/06.11-Contra-Informa\u00e7\u00e3o-I.mp3?_=1\" \/><a href=\"https:\/\/www.uninter.com\/radio\/wp-content\/uploads\/2020\/01\/06.11-Contra-Informa\u00e7\u00e3o-I.mp3\">https:\/\/www.uninter.com\/radio\/wp-content\/uploads\/2020\/01\/06.11-Contra-Informa\u00e7\u00e3o-I.mp3<\/a><\/audio>\n","protected":false},"excerpt":{"rendered":"<p>O\u00a0epis\u00f3dio#8\u00a0conta com a participa\u00e7\u00e3o da jornalista Paula Zardt Padilha. Essa\u00a0edi\u00e7\u00e3o aborda os ataques \u00e0 credibilidade&#8230;<\/p>\n","protected":false},"author":12,"featured_media":30522,"comment_status":"open","ping_status":"open","sticky":false,"template":"","format":"standard","meta":[],"categories":[2693],"tags":[],"_links":{"self":[{"href":"https:\/\/www.uninter.com\/radio\/wp-json\/wp\/v2\/posts\/26964"}],"collection":[{"href":"https:\/\/www.uninter.com\/radio\/wp-json\/wp\/v2\/posts"}],"about":[{"href":"https:\/\/www.uninter.com\/radio\/wp-json\/wp\/v2\/types\/post"}],"author":[{"embeddable":true,"href":"https:\/\/www.uninter.com\/radio\/wp-json\/wp\/v2\/users\/12"}],"replies":[{"embeddable":true,"href":"https:\/\/www.uninter.com\/radio\/wp-json\/wp\/v2\/comments?post=26964"}],"version-history":[{"count":4,"href":"https:\/\/www.uninter.com\/radio\/wp-json\/wp\/v2\/posts\/26964\/revisions"}],"predecessor-version":[{"id":28967,"href":"https:\/\/www.uninter.com\/radio\/wp-json\/wp\/v2\/posts\/26964\/revisions\/28967"}],"wp:featuredmedia":[{"embeddable":true,"href":"https:\/\/www.uninter.com\/radio\/wp-json\/wp\/v2\/media\/30522"}],"wp:attachment":[{"href":"https:\/\/www.uninter.com\/radio\/wp-json\/wp\/v2\/media?parent=26964"}],"wp:term":[{"taxonomy":"category","embeddable":true,"href":"https:\/\/www.uninter.com\/radio\/wp-json\/wp\/v2\/categories?post=26964"},{"taxonomy":"post_tag","embeddable":true,"href":"https:\/\/www.uninter.com\/radio\/wp-json\/wp\/v2\/tags?post=26964"}],"curies":[{"name":"wp","href":"https:\/\/api.w.org\/{rel}","templated":true}]}}