{"id":26912,"date":"2020-01-08T11:39:35","date_gmt":"2020-01-08T14:39:35","guid":{"rendered":"https:\/\/www.uninter.com\/radio\/?p=26912"},"modified":"2020-06-01T10:29:46","modified_gmt":"2020-06-01T13:29:46","slug":"contra-informacao4","status":"publish","type":"post","link":"https:\/\/www.uninter.com\/radio\/contra-informacao4","title":{"rendered":"Contrainforma\u00e7\u00e3o #4"},"content":{"rendered":"<p>\u00c9 poss\u00edvel um jornalista imparcial em suas coberturas, sobretudo na \u00e1rea pol\u00edtica? Correspondente da Gazeta do Povo em Bras\u00edlia, Jo\u00e3o Guilherme Frey fala desse desafio di\u00e1rio.<\/p>\n<!--[if lt IE 9]><script>document.createElement('audio');<\/script><![endif]-->\n<audio class=\"wp-audio-shortcode\" id=\"audio-26912-1\" preload=\"none\" style=\"width: 100%;\" controls=\"controls\"><source type=\"audio\/mpeg\" src=\"https:\/\/www.uninter.com\/radio\/wp-content\/uploads\/2020\/01\/10.10-Contra-Informa\u00e7\u00e3o.mp3?_=1\" \/><a href=\"https:\/\/www.uninter.com\/radio\/wp-content\/uploads\/2020\/01\/10.10-Contra-Informa\u00e7\u00e3o.mp3\">https:\/\/www.uninter.com\/radio\/wp-content\/uploads\/2020\/01\/10.10-Contra-Informa\u00e7\u00e3o.mp3<\/a><\/audio>\n","protected":false},"excerpt":{"rendered":"<p>\u00c9 poss\u00edvel um jornalista imparcial em suas coberturas, sobretudo na \u00e1rea pol\u00edtica? Correspondente da Gazeta&#8230;<\/p>\n","protected":false},"author":3,"featured_media":30522,"comment_status":"open","ping_status":"open","sticky":false,"template":"","format":"standard","meta":[],"categories":[2693],"tags":[],"_links":{"self":[{"href":"https:\/\/www.uninter.com\/radio\/wp-json\/wp\/v2\/posts\/26912"}],"collection":[{"href":"https:\/\/www.uninter.com\/radio\/wp-json\/wp\/v2\/posts"}],"about":[{"href":"https:\/\/www.uninter.com\/radio\/wp-json\/wp\/v2\/types\/post"}],"author":[{"embeddable":true,"href":"https:\/\/www.uninter.com\/radio\/wp-json\/wp\/v2\/users\/3"}],"replies":[{"embeddable":true,"href":"https:\/\/www.uninter.com\/radio\/wp-json\/wp\/v2\/comments?post=26912"}],"version-history":[{"count":3,"href":"https:\/\/www.uninter.com\/radio\/wp-json\/wp\/v2\/posts\/26912\/revisions"}],"predecessor-version":[{"id":28971,"href":"https:\/\/www.uninter.com\/radio\/wp-json\/wp\/v2\/posts\/26912\/revisions\/28971"}],"wp:featuredmedia":[{"embeddable":true,"href":"https:\/\/www.uninter.com\/radio\/wp-json\/wp\/v2\/media\/30522"}],"wp:attachment":[{"href":"https:\/\/www.uninter.com\/radio\/wp-json\/wp\/v2\/media?parent=26912"}],"wp:term":[{"taxonomy":"category","embeddable":true,"href":"https:\/\/www.uninter.com\/radio\/wp-json\/wp\/v2\/categories?post=26912"},{"taxonomy":"post_tag","embeddable":true,"href":"https:\/\/www.uninter.com\/radio\/wp-json\/wp\/v2\/tags?post=26912"}],"curies":[{"name":"wp","href":"https:\/\/api.w.org\/{rel}","templated":true}]}}