{"id":26762,"date":"2019-12-18T16:42:00","date_gmt":"2019-12-18T19:42:00","guid":{"rendered":"https:\/\/www.uninter.com\/radio\/?p=26762"},"modified":"2020-05-26T00:27:26","modified_gmt":"2020-05-26T03:27:26","slug":"cafe-com-gestao2","status":"publish","type":"post","link":"https:\/\/www.uninter.com\/radio\/cafe-com-gestao2","title":{"rendered":"Caf\u00e9 com gest\u00e3o #2"},"content":{"rendered":"<p>No epis\u00f3dio #2, Vanessa Rolon trata de marketing digital, tendo como convidada a professora Ana Carolina Avis.<\/p>\n<!--[if lt IE 9]><script>document.createElement('audio');<\/script><![endif]-->\n<audio class=\"wp-audio-shortcode\" id=\"audio-26762-1\" preload=\"none\" style=\"width: 100%;\" controls=\"controls\"><source type=\"audio\/mpeg\" src=\"https:\/\/www.uninter.com\/radio\/wp-content\/uploads\/2019\/12\/08.10-Caf\u00e9-com-Gest\u00e3o-EP02.mp3?_=1\" \/><a href=\"https:\/\/www.uninter.com\/radio\/wp-content\/uploads\/2019\/12\/08.10-Caf\u00e9-com-Gest\u00e3o-EP02.mp3\">https:\/\/www.uninter.com\/radio\/wp-content\/uploads\/2019\/12\/08.10-Caf\u00e9-com-Gest\u00e3o-EP02.mp3<\/a><\/audio>\n","protected":false},"excerpt":{"rendered":"<p>No epis\u00f3dio #2, Vanessa Rolon trata de marketing digital, tendo como convidada a professora Ana&#8230;<\/p>\n","protected":false},"author":3,"featured_media":30520,"comment_status":"open","ping_status":"open","sticky":false,"template":"","format":"standard","meta":[],"categories":[2702],"tags":[],"_links":{"self":[{"href":"https:\/\/www.uninter.com\/radio\/wp-json\/wp\/v2\/posts\/26762"}],"collection":[{"href":"https:\/\/www.uninter.com\/radio\/wp-json\/wp\/v2\/posts"}],"about":[{"href":"https:\/\/www.uninter.com\/radio\/wp-json\/wp\/v2\/types\/post"}],"author":[{"embeddable":true,"href":"https:\/\/www.uninter.com\/radio\/wp-json\/wp\/v2\/users\/3"}],"replies":[{"embeddable":true,"href":"https:\/\/www.uninter.com\/radio\/wp-json\/wp\/v2\/comments?post=26762"}],"version-history":[{"count":2,"href":"https:\/\/www.uninter.com\/radio\/wp-json\/wp\/v2\/posts\/26762\/revisions"}],"predecessor-version":[{"id":28201,"href":"https:\/\/www.uninter.com\/radio\/wp-json\/wp\/v2\/posts\/26762\/revisions\/28201"}],"wp:featuredmedia":[{"embeddable":true,"href":"https:\/\/www.uninter.com\/radio\/wp-json\/wp\/v2\/media\/30520"}],"wp:attachment":[{"href":"https:\/\/www.uninter.com\/radio\/wp-json\/wp\/v2\/media?parent=26762"}],"wp:term":[{"taxonomy":"category","embeddable":true,"href":"https:\/\/www.uninter.com\/radio\/wp-json\/wp\/v2\/categories?post=26762"},{"taxonomy":"post_tag","embeddable":true,"href":"https:\/\/www.uninter.com\/radio\/wp-json\/wp\/v2\/tags?post=26762"}],"curies":[{"name":"wp","href":"https:\/\/api.w.org\/{rel}","templated":true}]}}