{"id":26696,"date":"2019-11-21T16:32:06","date_gmt":"2019-11-21T19:32:06","guid":{"rendered":"https:\/\/www.uninter.com\/radio\/?p=26696"},"modified":"2020-02-14T15:11:11","modified_gmt":"2020-02-14T18:11:11","slug":"estacao-sustentavel1","status":"publish","type":"post","link":"https:\/\/www.uninter.com\/radio\/estacao-sustentavel1","title":{"rendered":"Esta\u00e7\u00e3o sustent\u00e1vel #1"},"content":{"rendered":"<p>No epis\u00f3dio #1, o professor Rodrigo Silva, coordenador do curso de Gest\u00e3o Ambiental da Uninter, tem como convidado Ben\u00edsio Ferreira Filho para um debate sobre os agrot\u00f3xicos no Brasil.<\/p>\n<!--[if lt IE 9]><script>document.createElement('audio');<\/script><![endif]-->\n<audio class=\"wp-audio-shortcode\" id=\"audio-26696-1\" preload=\"none\" style=\"width: 100%;\" controls=\"controls\"><source type=\"audio\/mpeg\" src=\"https:\/\/www.uninter.com\/radio\/wp-content\/uploads\/2019\/11\/Estacao-Sustentavel-07-10-EP-01.mp3?_=1\" \/><a href=\"https:\/\/www.uninter.com\/radio\/wp-content\/uploads\/2019\/11\/Estacao-Sustentavel-07-10-EP-01.mp3\">https:\/\/www.uninter.com\/radio\/wp-content\/uploads\/2019\/11\/Estacao-Sustentavel-07-10-EP-01.mp3<\/a><\/audio>\n","protected":false},"excerpt":{"rendered":"<p>No epis\u00f3dio #1, o professor Rodrigo Silva, coordenador do curso de Gest\u00e3o Ambiental da Uninter,&#8230;<\/p>\n","protected":false},"author":3,"featured_media":30524,"comment_status":"open","ping_status":"open","sticky":false,"template":"","format":"standard","meta":[],"categories":[2705],"tags":[],"_links":{"self":[{"href":"https:\/\/www.uninter.com\/radio\/wp-json\/wp\/v2\/posts\/26696"}],"collection":[{"href":"https:\/\/www.uninter.com\/radio\/wp-json\/wp\/v2\/posts"}],"about":[{"href":"https:\/\/www.uninter.com\/radio\/wp-json\/wp\/v2\/types\/post"}],"author":[{"embeddable":true,"href":"https:\/\/www.uninter.com\/radio\/wp-json\/wp\/v2\/users\/3"}],"replies":[{"embeddable":true,"href":"https:\/\/www.uninter.com\/radio\/wp-json\/wp\/v2\/comments?post=26696"}],"version-history":[{"count":2,"href":"https:\/\/www.uninter.com\/radio\/wp-json\/wp\/v2\/posts\/26696\/revisions"}],"predecessor-version":[{"id":28210,"href":"https:\/\/www.uninter.com\/radio\/wp-json\/wp\/v2\/posts\/26696\/revisions\/28210"}],"wp:featuredmedia":[{"embeddable":true,"href":"https:\/\/www.uninter.com\/radio\/wp-json\/wp\/v2\/media\/30524"}],"wp:attachment":[{"href":"https:\/\/www.uninter.com\/radio\/wp-json\/wp\/v2\/media?parent=26696"}],"wp:term":[{"taxonomy":"category","embeddable":true,"href":"https:\/\/www.uninter.com\/radio\/wp-json\/wp\/v2\/categories?post=26696"},{"taxonomy":"post_tag","embeddable":true,"href":"https:\/\/www.uninter.com\/radio\/wp-json\/wp\/v2\/tags?post=26696"}],"curies":[{"name":"wp","href":"https:\/\/api.w.org\/{rel}","templated":true}]}}