{"id":906,"date":"2025-06-06T17:45:49","date_gmt":"2025-06-06T17:45:49","guid":{"rendered":"https:\/\/www.uninter.com\/pibid\/?p=906"},"modified":"2025-06-06T17:45:49","modified_gmt":"2025-06-06T17:45:49","slug":"abertura-oficial-do-programa-institucional-de-bolsa-de-iniciacao-a-docencia-pibid","status":"publish","type":"post","link":"https:\/\/www.uninter.com\/pibid\/abertura-oficial-do-programa-institucional-de-bolsa-de-iniciacao-a-docencia-pibid\/","title":{"rendered":"Abertura Oficial do Programa Institucional de Bolsa de Inicia\u00e7\u00e3o \u00e0 Doc\u00eancia (PIBID)"},"content":{"rendered":"<p>O PIBID \u00e9 uma iniciativa do governo federal que visa o aperfei\u00e7oamento e a valoriza\u00e7\u00e3o da forma\u00e7\u00e3o de professores. Desde 2014, o Centro Universit\u00e1rio Internacional UNINTER participa ativamente desse programa, por meio de editais da Capes, desenvolvendo projetos de forma\u00e7\u00e3o inicial de docentes em parceria com escolas p\u00fablicas.<\/p>\n<p>Voc\u00ea est\u00e1 convidado para a Abertura Oficial do Programa Institucional de Bolsa de Inicia\u00e7\u00e3o \u00e0 Doc\u00eancia (PIBID)! Este evento marca o in\u00edcio de uma nova jornada de forma\u00e7\u00e3o e aperfei\u00e7oamento de futuros professores, em parceria com escolas p\u00fablicas.<\/p>\n<p>No dia 22 de maio de 2025, \u00e0s 19h, teremos a honra de receber nossos coordenadores do PIBID, que compartilhar\u00e3o suas trajet\u00f3rias na \u00e1rea da educa\u00e7\u00e3o e nos dar\u00e3o uma vis\u00e3o sobre o trabalho desenvolvido em cada grupo de trabalho (GT) que comp\u00f5em nosso programa. Nossa equipe de coordenadores \u00e9 composta por profissionais experientes e dedicados, incluindo:<\/p>\n<p>&#8211; Prof\u00aa. Dr\u00aa. Desire Luciane Dominschek Lima, Coordenadora Institucional<\/p>\n<p>&#8211; Prof. Dr. Andr\u00e9 Luiz Moscaleski Cavazzani, Coordenador de \u00c1rea<\/p>\n<p>&#8211; Profa. Me. Jucimara De Barros Bandeira, Coordenadora de \u00c1rea<\/p>\n<p>&#8211; Profa. Me. L\u00edgia Lobo de Assis, Coordenadora de \u00c1rea<\/p>\n<p>&#8211; Profa. Me. M\u00f4nica Caetano Vieira da Silva, Coordenadora de \u00c1rea<\/p>\n<p>Al\u00e9m disso, contaremos com a participa\u00e7\u00e3o especial das professoras supervisoras que acompanham o trabalho desenvolvido pelos participantes do programa nas escolas parceiras:<\/p>\n<p>&#8211; Escola Municipal Professora Maria Marli Piovezam<\/p>\n<p>&#8211; Escola Municipal\u00a0Rachel Mader Gon\u00e7alves<\/p>\n<p>Venha participar conosco desse in\u00edcio oficial do nosso PIBID! O evento ser\u00e1 realizado das 19h \u00e0s 21h e ser\u00e1 uma oportunidade \u00fanica para conhecer melhor o trabalho desenvolvido por cada participante do Programa Institucional de Bolsa de Inicia\u00e7\u00e3o \u00e0 Doc\u00eancia.<\/p>\n","protected":false},"excerpt":{"rendered":"<p>O PIBID \u00e9 uma iniciativa do governo federal que visa o aperfei\u00e7oamento e a valoriza\u00e7\u00e3o da forma\u00e7\u00e3o de professores. Desde 2014, o Centro Universit\u00e1rio Internacional UNINTER participa ativamente desse programa, por meio de editais da Capes, desenvolvendo projetos de forma\u00e7\u00e3o inicial de docentes em parceria com escolas p\u00fablicas. Voc\u00ea est\u00e1 convidado para a Abertura Oficial [&hellip;]<\/p>\n","protected":false},"author":5,"featured_media":908,"comment_status":"closed","ping_status":"open","sticky":false,"template":"","format":"standard","meta":[],"categories":[2],"tags":[],"acf":[],"_links":{"self":[{"href":"https:\/\/www.uninter.com\/pibid\/wp-json\/wp\/v2\/posts\/906"}],"collection":[{"href":"https:\/\/www.uninter.com\/pibid\/wp-json\/wp\/v2\/posts"}],"about":[{"href":"https:\/\/www.uninter.com\/pibid\/wp-json\/wp\/v2\/types\/post"}],"author":[{"embeddable":true,"href":"https:\/\/www.uninter.com\/pibid\/wp-json\/wp\/v2\/users\/5"}],"replies":[{"embeddable":true,"href":"https:\/\/www.uninter.com\/pibid\/wp-json\/wp\/v2\/comments?post=906"}],"version-history":[{"count":1,"href":"https:\/\/www.uninter.com\/pibid\/wp-json\/wp\/v2\/posts\/906\/revisions"}],"predecessor-version":[{"id":909,"href":"https:\/\/www.uninter.com\/pibid\/wp-json\/wp\/v2\/posts\/906\/revisions\/909"}],"wp:featuredmedia":[{"embeddable":true,"href":"https:\/\/www.uninter.com\/pibid\/wp-json\/wp\/v2\/media\/908"}],"wp:attachment":[{"href":"https:\/\/www.uninter.com\/pibid\/wp-json\/wp\/v2\/media?parent=906"}],"wp:term":[{"taxonomy":"category","embeddable":true,"href":"https:\/\/www.uninter.com\/pibid\/wp-json\/wp\/v2\/categories?post=906"},{"taxonomy":"post_tag","embeddable":true,"href":"https:\/\/www.uninter.com\/pibid\/wp-json\/wp\/v2\/tags?post=906"}],"curies":[{"name":"wp","href":"https:\/\/api.w.org\/{rel}","templated":true}]}}