{"id":890,"date":"2025-04-28T19:26:47","date_gmt":"2025-04-28T19:26:47","guid":{"rendered":"https:\/\/www.uninter.com\/pibid\/?p=890"},"modified":"2025-04-28T19:27:47","modified_gmt":"2025-04-28T19:27:47","slug":"minicurso-curriculo-lattes","status":"publish","type":"post","link":"https:\/\/www.uninter.com\/pibid\/minicurso-curriculo-lattes\/","title":{"rendered":"MINICURSO CURR\u00cdCULO LATTES"},"content":{"rendered":"<p><img loading=\"lazy\" class=\"alignnone size-medium wp-image-885\" src=\"https:\/\/www.uninter.com\/pibid\/wp-content\/uploads\/2025\/04\/mini-curso-2-300x120.png\" alt=\"\" width=\"300\" height=\"120\" srcset=\"https:\/\/www.uninter.com\/pibid\/wp-content\/uploads\/2025\/04\/mini-curso-2-300x120.png 300w, https:\/\/www.uninter.com\/pibid\/wp-content\/uploads\/2025\/04\/mini-curso-2-1024x410.png 1024w, https:\/\/www.uninter.com\/pibid\/wp-content\/uploads\/2025\/04\/mini-curso-2-768x307.png 768w, https:\/\/www.uninter.com\/pibid\/wp-content\/uploads\/2025\/04\/mini-curso-2.png 1100w\" sizes=\"(max-width: 300px) 100vw, 300px\" \/><\/p>\n<p><a href=\"https:\/\/www.even3.com.br\/minicurso-curriculo-lattes-551408\/\">MINICURSO CURR\u00cdCULO LATTES<\/a><\/p>\n<p>O objetivo do minicurso \u00e9 fornecer orienta\u00e7\u00f5es e recomenda\u00e7\u00f5es detalhadas e pr\u00e1ticas para o uso eficiente e eficaz da Plataforma Lattes. Esse minicurso visa atualizar pesquisadores, acad\u00eamicos e estudantes sobre seus curr\u00edculos.<\/p>\n<p>Curr\u00edculo Lattes \u00e9 uma plataforma desenvolvida e mantida pelo Conselho Nacional de Desenvolvimento Cient\u00edfico e Tecnol\u00f3gico (CNPq) do Brasil. Trata-se de um sistema de curr\u00edculos acad\u00eamicos e profissionais amplamente utilizado por pesquisadores, cientistas, professores e estudantes de diversas \u00e1reas do conhecimento. O principal objetivo do Curr\u00edculo Lattes \u00e9 unificar e padronizar as informa\u00e7\u00f5es sobre a trajet\u00f3ria acad\u00eamica e profissional dos indiv\u00edduos, facilitando o acesso a essas informa\u00e7\u00f5es por institui\u00e7\u00f5es de ensino, pesquisa e fomento.<\/p>\n<p>Confira o evento completo em nosso canal do youtube: https:\/\/www.youtube.com\/watch?v=tUCSHhyO2i4<\/p>\n<p>&nbsp;<\/p>\n","protected":false},"excerpt":{"rendered":"<p>MINICURSO CURR\u00cdCULO LATTES O objetivo do minicurso \u00e9 fornecer orienta\u00e7\u00f5es e recomenda\u00e7\u00f5es detalhadas e pr\u00e1ticas para o uso eficiente e eficaz da Plataforma Lattes. Esse minicurso visa atualizar pesquisadores, acad\u00eamicos e estudantes sobre seus curr\u00edculos. Curr\u00edculo Lattes \u00e9 uma plataforma desenvolvida e mantida pelo Conselho Nacional de Desenvolvimento Cient\u00edfico e Tecnol\u00f3gico (CNPq) do Brasil. Trata-se [&hellip;]<\/p>\n","protected":false},"author":5,"featured_media":884,"comment_status":"closed","ping_status":"open","sticky":false,"template":"","format":"standard","meta":[],"categories":[2],"tags":[],"acf":[],"_links":{"self":[{"href":"https:\/\/www.uninter.com\/pibid\/wp-json\/wp\/v2\/posts\/890"}],"collection":[{"href":"https:\/\/www.uninter.com\/pibid\/wp-json\/wp\/v2\/posts"}],"about":[{"href":"https:\/\/www.uninter.com\/pibid\/wp-json\/wp\/v2\/types\/post"}],"author":[{"embeddable":true,"href":"https:\/\/www.uninter.com\/pibid\/wp-json\/wp\/v2\/users\/5"}],"replies":[{"embeddable":true,"href":"https:\/\/www.uninter.com\/pibid\/wp-json\/wp\/v2\/comments?post=890"}],"version-history":[{"count":1,"href":"https:\/\/www.uninter.com\/pibid\/wp-json\/wp\/v2\/posts\/890\/revisions"}],"predecessor-version":[{"id":891,"href":"https:\/\/www.uninter.com\/pibid\/wp-json\/wp\/v2\/posts\/890\/revisions\/891"}],"wp:featuredmedia":[{"embeddable":true,"href":"https:\/\/www.uninter.com\/pibid\/wp-json\/wp\/v2\/media\/884"}],"wp:attachment":[{"href":"https:\/\/www.uninter.com\/pibid\/wp-json\/wp\/v2\/media?parent=890"}],"wp:term":[{"taxonomy":"category","embeddable":true,"href":"https:\/\/www.uninter.com\/pibid\/wp-json\/wp\/v2\/categories?post=890"},{"taxonomy":"post_tag","embeddable":true,"href":"https:\/\/www.uninter.com\/pibid\/wp-json\/wp\/v2\/tags?post=890"}],"curies":[{"name":"wp","href":"https:\/\/api.w.org\/{rel}","templated":true}]}}