{"id":843,"date":"2024-04-22T18:43:51","date_gmt":"2024-04-22T18:43:51","guid":{"rendered":"https:\/\/www.uninter.com\/pibid\/?p=843"},"modified":"2024-04-22T18:58:59","modified_gmt":"2024-04-22T18:58:59","slug":"seminario-final-pibid-rp","status":"publish","type":"post","link":"https:\/\/www.uninter.com\/pibid\/seminario-final-pibid-rp\/","title":{"rendered":"Semin\u00e1rio Final PIBID RP"},"content":{"rendered":"<p>No \u00faltimo dia 10 de abril de 2024, um evento marcante e enriquecedor tomou lugar: o t\u00e3o esperado Semin\u00e1rio Final do Programa Institucional de Bolsa de Inicia\u00e7\u00e3o \u00e0 Doc\u00eancia (PIBID) e Resid\u00eancia Pedag\u00f3gica (RP). Sob um clima de entusiasmo e comprometimento com a educa\u00e7\u00e3o, este encontro se revelou n\u00e3o apenas uma celebra\u00e7\u00e3o do trabalho \u00e1rduo dos participantes, mas tamb\u00e9m um momento de inspira\u00e7\u00e3o e aprendizado para todos os presentes.<\/p>\n<p>Desde o convite inicial, a expectativa estava alta. A oportunidade de compartilhar experi\u00eancias, pesquisas e reflex\u00f5es provenientes da participa\u00e7\u00e3o no programa despertou interesse e engajamento em todos aqueles que se preocupam com a forma\u00e7\u00e3o pr\u00e1tica de futuros professores. O Semin\u00e1rio Final se apresentava como o \u00e1pice desse processo, um momento crucial para que os residentes pudessem n\u00e3o apenas demonstrar o que aprenderam, mas tamb\u00e9m enriquecer seu repert\u00f3rio pedag\u00f3gico atrav\u00e9s da intera\u00e7\u00e3o e troca de conhecimentos.<\/p>\n<p>O evento foi realizado de forma online para contemplar tamb\u00e9m os participantes do programa que atuam na modalidade EAD. Esta escolha proporcionou uma experi\u00eancia inclusiva e acess\u00edvel a todos os envolvidos, garantindo que ningu\u00e9m ficasse de fora deste importante momento de compartilhamento e aprendizado. O ambiente digital vibrava com conversas animadas e sorrisos que denotavam a ansiedade e a alegria pela oportunidade de compartilhar suas viv\u00eancias e aprendizados.<\/p>\n<p>O momento mais aguardado do Semin\u00e1rio Final foi, sem d\u00favida, as apresenta\u00e7\u00f5es dos relatos de experi\u00eancias dos residentes, feitos em grupos, divididas pelas categorias dos grupos de trabalho, que voc\u00ea pode conhecer mais aqui: <a href=\"https:\/\/www.uninter.com\/pibid\/informacoes\/\" rel=\"noopener\" target=\"_blank\">https:\/\/www.uninter.com\/pibid\/informacoes\/<\/a><br \/>\nCada relato era uma janela para os desafios e conquistas enfrentados ao longo do percurso no PIBID RP, revelando n\u00e3o apenas o crescimento individual dos participantes, mas tamb\u00e9m a import\u00e2ncia do programa na forma\u00e7\u00e3o de futuros professores comprometidos e capacitados.<\/p>\n<p>Al\u00e9m dos relatos dos residentes, as palavras das professoras preceptoras, e dos coordenadores do programa trouxeram uma camada adicional de emo\u00e7\u00e3o ao evento. Em seus discursos, elas n\u00e3o apenas elogiaram a dedica\u00e7\u00e3o e o empenho dos residentes nas escolas, mas tamb\u00e9m destacaram a transforma\u00e7\u00e3o positiva que testemunharam ao longo do processo. O reconhecimento e o incentivo vindos das mentoras foram como um combust\u00edvel para os participantes, refor\u00e7ando a import\u00e2ncia do apoio m\u00fatuo e da colabora\u00e7\u00e3o na jornada educacional.<\/p>\n<p>Ao final do Semin\u00e1rio Final do PIBID RP, ficou evidente que aquele n\u00e3o era apenas um evento, mas sim um marco na forma\u00e7\u00e3o dos futuros professores e no fortalecimento da educa\u00e7\u00e3o como um todo. O compromisso, a dedica\u00e7\u00e3o e a paix\u00e3o demonstrados pelos participantes foram inspiradores, deixando claro que o futuro da educa\u00e7\u00e3o est\u00e1 em boas m\u00e3os. Que este momento \u00fanico de aprendizado e colabora\u00e7\u00e3o sirva como um farol, iluminando o caminho para uma educa\u00e7\u00e3o cada vez mais inclusiva, transformadora e significativa<\/p>\n<p>Confira o evento na integra em nosso canal do youtube: <a href=\"https:\/\/www.youtube.com\/channel\/UCccd6HMLjhRUXjYkQd_iqBQ\">https:\/\/www.youtube.com\/channel\/UCccd6HMLjhRUXjYkQd_iqBQ<\/a><\/p>\n","protected":false},"excerpt":{"rendered":"<p>No \u00faltimo dia 10 de abril de 2024, um evento marcante e enriquecedor tomou lugar: o t\u00e3o esperado Semin\u00e1rio Final do Programa Institucional de Bolsa de Inicia\u00e7\u00e3o \u00e0 Doc\u00eancia (PIBID) e Resid\u00eancia Pedag\u00f3gica (RP). Sob um clima de entusiasmo e comprometimento com a educa\u00e7\u00e3o, este encontro se revelou n\u00e3o apenas uma celebra\u00e7\u00e3o do trabalho \u00e1rduo [&hellip;]<\/p>\n","protected":false},"author":5,"featured_media":858,"comment_status":"closed","ping_status":"open","sticky":false,"template":"","format":"standard","meta":[],"categories":[2],"tags":[],"acf":[],"_links":{"self":[{"href":"https:\/\/www.uninter.com\/pibid\/wp-json\/wp\/v2\/posts\/843"}],"collection":[{"href":"https:\/\/www.uninter.com\/pibid\/wp-json\/wp\/v2\/posts"}],"about":[{"href":"https:\/\/www.uninter.com\/pibid\/wp-json\/wp\/v2\/types\/post"}],"author":[{"embeddable":true,"href":"https:\/\/www.uninter.com\/pibid\/wp-json\/wp\/v2\/users\/5"}],"replies":[{"embeddable":true,"href":"https:\/\/www.uninter.com\/pibid\/wp-json\/wp\/v2\/comments?post=843"}],"version-history":[{"count":5,"href":"https:\/\/www.uninter.com\/pibid\/wp-json\/wp\/v2\/posts\/843\/revisions"}],"predecessor-version":[{"id":861,"href":"https:\/\/www.uninter.com\/pibid\/wp-json\/wp\/v2\/posts\/843\/revisions\/861"}],"wp:featuredmedia":[{"embeddable":true,"href":"https:\/\/www.uninter.com\/pibid\/wp-json\/wp\/v2\/media\/858"}],"wp:attachment":[{"href":"https:\/\/www.uninter.com\/pibid\/wp-json\/wp\/v2\/media?parent=843"}],"wp:term":[{"taxonomy":"category","embeddable":true,"href":"https:\/\/www.uninter.com\/pibid\/wp-json\/wp\/v2\/categories?post=843"},{"taxonomy":"post_tag","embeddable":true,"href":"https:\/\/www.uninter.com\/pibid\/wp-json\/wp\/v2\/tags?post=843"}],"curies":[{"name":"wp","href":"https:\/\/api.w.org\/{rel}","templated":true}]}}