{"id":822,"date":"2024-03-19T19:47:53","date_gmt":"2024-03-19T19:47:53","guid":{"rendered":"https:\/\/www.uninter.com\/pibid\/?p=822"},"modified":"2024-03-19T19:47:53","modified_gmt":"2024-03-19T19:47:53","slug":"aula-inaugural-do-ppgent","status":"publish","type":"post","link":"https:\/\/www.uninter.com\/pibid\/aula-inaugural-do-ppgent\/","title":{"rendered":"Aula Inaugural do PPGENT"},"content":{"rendered":"<p>Na sexta-feira do dia 8 de mar\u00e7o de 2024, o Campus Garcez da Uninter foi palco de um evento marcante para a comunidade acad\u00eamica: a Aula Inaugural em comemora\u00e7\u00e3o aos 10 anos do Programa de Mestrado e Doutorado em Educa\u00e7\u00e3o e Novas Tecnologias (PPGENT).<\/p>\n<p>Desde a sua cria\u00e7\u00e3o, o PPGENT tem desempenhado um papel crucial na forma\u00e7\u00e3o de pesquisadores e profissionais da educa\u00e7\u00e3o, al\u00e9m de contribuir significativamente para o desenvolvimento de estudos e pesquisas na \u00e1rea, tanto em \u00e2mbito nacional quanto internacional.<\/p>\n<p>A celebra\u00e7\u00e3o dos 10 anos do programa foi marcada por momentos de reflex\u00e3o, reconhecimento e proje\u00e7\u00e3o para o futuro. A programa\u00e7\u00e3o do evento incluiu palestras, mesas-redondas e apresenta\u00e7\u00f5es culturais, reunindo estudantes, professores, pesquisadores e autoridades da \u00e1rea educacional.<\/p>\n<p>Durante a cerim\u00f4nia, foram destacados os principais marcos e conquistas do PPGENT ao longo da \u00faltima d\u00e9cada, evidenciando o seu papel na forma\u00e7\u00e3o de profissionais qualificados e na produ\u00e7\u00e3o de conhecimento cient\u00edfico relevante para a \u00e1rea da educa\u00e7\u00e3o e tecnologias.<\/p>\n<p>Al\u00e9m disso, foram apresentadas perspectivas para o futuro do programa, com a proposi\u00e7\u00e3o de novas linhas de pesquisa e a\u00e7\u00f5es que visam ampliar ainda mais o seu impacto no cen\u00e1rio acad\u00eamico e na sociedade como um todo.<\/p>\n<p>Autoridades acad\u00eamicas, como o reitor da Uninter Prof. Benhur Gaio, Pr\u00f3-Reitor de P\u00f3s-Gradua\u00e7\u00e3o, Pesquisa e Extens\u00e3o Prof. Nelson Castanheira, Coordenador do Programa de P\u00f3s-Gradua\u00e7\u00e3o em Educa\u00e7\u00e3o e Novas Tecnologias (PPGENT) Prof. Luciano Medeiros, e convidados especiais como os alunos egressos do programa enalteceram a import\u00e2ncia do PPGENT n\u00e3o apenas para a institui\u00e7\u00e3o, mas tamb\u00e9m para o avan\u00e7o do conhecimento cient\u00edfico e para a melhoria da educa\u00e7\u00e3o no pa\u00eds.<br \/>\nO evento contou com a prof.\u00aa Dra. Desir\u00e9 Luciane Dominschek Lima como cerimonialista, que coordenou a apresenta\u00e7\u00e3o da programa\u00e7\u00e3o do evento de forma exemplar.<\/p>\n<p>O evento tamb\u00e9m proporcionou um espa\u00e7o para a integra\u00e7\u00e3o e o networking entre os participantes, fortalecendo os v\u00ednculos entre os membros da comunidade acad\u00eamica e estimulando a colabora\u00e7\u00e3o em futuras iniciativas de pesquisa e ensino.<\/p>\n<p>Com a Aula Inaugural em comemora\u00e7\u00e3o aos 10 anos do PPGENT, a Uninter reafirma o seu compromisso com a educa\u00e7\u00e3o de qualidade e a promo\u00e7\u00e3o do conhecimento cient\u00edfico, consolidando-se como uma refer\u00eancia no campo da educa\u00e7\u00e3o e das novas tecnologias na regi\u00e3o e no pa\u00eds.<\/p>\n<p>Destacamos a participa\u00e7\u00e3o remota de nossos residentes e coordenadores, que al\u00e9m de acompanhar a programa\u00e7\u00e3o enviaram seus registros do evento!<\/p>\n","protected":false},"excerpt":{"rendered":"<p>Na sexta-feira do dia 8 de mar\u00e7o de 2024, o Campus Garcez da Uninter foi palco de um evento marcante para a comunidade acad\u00eamica: a Aula Inaugural em comemora\u00e7\u00e3o aos 10 anos do Programa de Mestrado e Doutorado em Educa\u00e7\u00e3o e Novas Tecnologias (PPGENT). Desde a sua cria\u00e7\u00e3o, o PPGENT tem desempenhado um papel crucial [&hellip;]<\/p>\n","protected":false},"author":5,"featured_media":802,"comment_status":"closed","ping_status":"open","sticky":false,"template":"","format":"standard","meta":[],"categories":[2],"tags":[],"acf":[],"_links":{"self":[{"href":"https:\/\/www.uninter.com\/pibid\/wp-json\/wp\/v2\/posts\/822"}],"collection":[{"href":"https:\/\/www.uninter.com\/pibid\/wp-json\/wp\/v2\/posts"}],"about":[{"href":"https:\/\/www.uninter.com\/pibid\/wp-json\/wp\/v2\/types\/post"}],"author":[{"embeddable":true,"href":"https:\/\/www.uninter.com\/pibid\/wp-json\/wp\/v2\/users\/5"}],"replies":[{"embeddable":true,"href":"https:\/\/www.uninter.com\/pibid\/wp-json\/wp\/v2\/comments?post=822"}],"version-history":[{"count":1,"href":"https:\/\/www.uninter.com\/pibid\/wp-json\/wp\/v2\/posts\/822\/revisions"}],"predecessor-version":[{"id":829,"href":"https:\/\/www.uninter.com\/pibid\/wp-json\/wp\/v2\/posts\/822\/revisions\/829"}],"wp:featuredmedia":[{"embeddable":true,"href":"https:\/\/www.uninter.com\/pibid\/wp-json\/wp\/v2\/media\/802"}],"wp:attachment":[{"href":"https:\/\/www.uninter.com\/pibid\/wp-json\/wp\/v2\/media?parent=822"}],"wp:term":[{"taxonomy":"category","embeddable":true,"href":"https:\/\/www.uninter.com\/pibid\/wp-json\/wp\/v2\/categories?post=822"},{"taxonomy":"post_tag","embeddable":true,"href":"https:\/\/www.uninter.com\/pibid\/wp-json\/wp\/v2\/tags?post=822"}],"curies":[{"name":"wp","href":"https:\/\/api.w.org\/{rel}","templated":true}]}}