{"id":767,"date":"2024-02-15T13:01:54","date_gmt":"2024-02-15T13:01:54","guid":{"rendered":"https:\/\/www.uninter.com\/pibid\/?p=767"},"modified":"2024-02-15T13:01:54","modified_gmt":"2024-02-15T13:01:54","slug":"tecnologias-educacionais-e-metodologias-ativas-em-uma-perspectiva-inclusiva","status":"publish","type":"post","link":"https:\/\/www.uninter.com\/pibid\/tecnologias-educacionais-e-metodologias-ativas-em-uma-perspectiva-inclusiva\/","title":{"rendered":"Tecnologias Educacionais e Metodologias Ativas em uma Perspectiva Inclusiva"},"content":{"rendered":"<p>O grupo de trabalho \u201cTecnologias Educacionais e Metodologias Ativas em uma Perspectiva Inclusiva\u201d tem como objetivo primordial fortalecer a pr\u00e1tica pedag\u00f3gica, tornando-a mais din\u00e2mica e acess\u00edvel para todos os alunos. O grupo busca ampliar o conhecimento sobre as mais recentes ferramentas tecnol\u00f3gicas, capacitando educadores para uma utiliza\u00e7\u00e3o mais eficiente em suas pr\u00e1ticas pedag\u00f3gicas. Acredita-se que a tecnologia desempenha um papel crucial no processo de ensino-aprendizagem.<br \/>\n<img loading=\"lazy\" src=\"https:\/\/www.uninter.com\/pibid\/wp-content\/uploads\/2024\/02\/Tecnologias-educacionais-e-metodologias-ativas-1-300x300.png\" alt=\"\" width=\"300\" height=\"300\" class=\"alignnone size-medium wp-image-768\" srcset=\"https:\/\/www.uninter.com\/pibid\/wp-content\/uploads\/2024\/02\/Tecnologias-educacionais-e-metodologias-ativas-1-300x300.png 300w, https:\/\/www.uninter.com\/pibid\/wp-content\/uploads\/2024\/02\/Tecnologias-educacionais-e-metodologias-ativas-1-1024x1024.png 1024w, https:\/\/www.uninter.com\/pibid\/wp-content\/uploads\/2024\/02\/Tecnologias-educacionais-e-metodologias-ativas-1-150x150.png 150w, https:\/\/www.uninter.com\/pibid\/wp-content\/uploads\/2024\/02\/Tecnologias-educacionais-e-metodologias-ativas-1-768x768.png 768w, https:\/\/www.uninter.com\/pibid\/wp-content\/uploads\/2024\/02\/Tecnologias-educacionais-e-metodologias-ativas-1.png 1080w\" sizes=\"(max-width: 300px) 100vw, 300px\" \/><br \/>\nO grupo compromete-se a abordar o encaminhamento did\u00e1tico-pedag\u00f3gico sob uma \u00f3tica inclusiva, aplicando tecnologia assistiva para assegurar oportunidades equitativas a todos os estudantes, independentemente de suas necessidades individuais. As Metodologias Ativas s\u00e3o reconhecidas como componentes essenciais para transformar o estudante em protagonista de sua pr\u00f3pria aprendizagem. Ao adotar abordagens participativas, busca-se estimular a constru\u00e7\u00e3o ativa do conhecimento, fomentando o engajamento e a autonomia dos alunos.<br \/>\nIntegrando tecnologia, inclus\u00e3o e metodologias ativas, o grupo visa contribuir para uma educa\u00e7\u00e3o mais inovadora, democr\u00e1tica e centrada no desenvolvimento integral de cada indiv\u00edduo. Os membros do grupo convidam os interessados a participarem dessa jornada de transforma\u00e7\u00e3o educacional.<br \/>\nConfira o depoimento do residente Weslei Gleison Ferraz Lisboa, sobre sua participa\u00e7\u00e3o no grupo:<br \/>\n\u201cO grupo de trabalho Metodologias Ativas e Perspectivas Inclusivas contribuiu para meu desenvolvimento e aperfei\u00e7oamento acad\u00eamico e profissional, durante as reuni\u00f5es do grupo reflet\u00edamos sobre o cotidiano escolar, vivenciado pelos residentes, a luz dos autores e de teorias que contribu\u00edssem para o entendimento das metodologias ativas, da ludicidade, da inclus\u00e3o na escola. Fruto das reuni\u00f5es formativas foram as publica\u00e7\u00f5es acad\u00eamicas e participa\u00e7\u00e3o em eventos cient\u00edficos que nos permitiram assumir a identidade de professores-pesquisadores. Ao mesmo tempo em que volt\u00e1vamos para o ch\u00e3o da escola, com um novo olhar, munidos de todo o conhecimento compartilhado e constru\u00eddo durante as reuni\u00f5es.\u201d<br \/>\n<img loading=\"lazy\" src=\"https:\/\/www.uninter.com\/pibid\/wp-content\/uploads\/2024\/02\/2-300x300.png\" alt=\"\" width=\"300\" height=\"300\" class=\"alignnone size-medium wp-image-769\" srcset=\"https:\/\/www.uninter.com\/pibid\/wp-content\/uploads\/2024\/02\/2-300x300.png 300w, https:\/\/www.uninter.com\/pibid\/wp-content\/uploads\/2024\/02\/2-1024x1024.png 1024w, https:\/\/www.uninter.com\/pibid\/wp-content\/uploads\/2024\/02\/2-150x150.png 150w, https:\/\/www.uninter.com\/pibid\/wp-content\/uploads\/2024\/02\/2-768x768.png 768w, https:\/\/www.uninter.com\/pibid\/wp-content\/uploads\/2024\/02\/2.png 1080w\" sizes=\"(max-width: 300px) 100vw, 300px\" \/><\/p>\n","protected":false},"excerpt":{"rendered":"<p>O grupo de trabalho \u201cTecnologias Educacionais e Metodologias Ativas em uma Perspectiva Inclusiva\u201d tem como objetivo primordial fortalecer a pr\u00e1tica pedag\u00f3gica, tornando-a mais din\u00e2mica e acess\u00edvel para todos os alunos. O grupo busca ampliar o conhecimento sobre as mais recentes ferramentas tecnol\u00f3gicas, capacitando educadores para uma utiliza\u00e7\u00e3o mais eficiente em suas pr\u00e1ticas pedag\u00f3gicas. Acredita-se que [&hellip;]<\/p>\n","protected":false},"author":5,"featured_media":770,"comment_status":"closed","ping_status":"open","sticky":false,"template":"","format":"standard","meta":[],"categories":[20],"tags":[],"acf":[],"_links":{"self":[{"href":"https:\/\/www.uninter.com\/pibid\/wp-json\/wp\/v2\/posts\/767"}],"collection":[{"href":"https:\/\/www.uninter.com\/pibid\/wp-json\/wp\/v2\/posts"}],"about":[{"href":"https:\/\/www.uninter.com\/pibid\/wp-json\/wp\/v2\/types\/post"}],"author":[{"embeddable":true,"href":"https:\/\/www.uninter.com\/pibid\/wp-json\/wp\/v2\/users\/5"}],"replies":[{"embeddable":true,"href":"https:\/\/www.uninter.com\/pibid\/wp-json\/wp\/v2\/comments?post=767"}],"version-history":[{"count":2,"href":"https:\/\/www.uninter.com\/pibid\/wp-json\/wp\/v2\/posts\/767\/revisions"}],"predecessor-version":[{"id":772,"href":"https:\/\/www.uninter.com\/pibid\/wp-json\/wp\/v2\/posts\/767\/revisions\/772"}],"wp:featuredmedia":[{"embeddable":true,"href":"https:\/\/www.uninter.com\/pibid\/wp-json\/wp\/v2\/media\/770"}],"wp:attachment":[{"href":"https:\/\/www.uninter.com\/pibid\/wp-json\/wp\/v2\/media?parent=767"}],"wp:term":[{"taxonomy":"category","embeddable":true,"href":"https:\/\/www.uninter.com\/pibid\/wp-json\/wp\/v2\/categories?post=767"},{"taxonomy":"post_tag","embeddable":true,"href":"https:\/\/www.uninter.com\/pibid\/wp-json\/wp\/v2\/tags?post=767"}],"curies":[{"name":"wp","href":"https:\/\/api.w.org\/{rel}","templated":true}]}}