{"id":761,"date":"2024-02-15T12:32:52","date_gmt":"2024-02-15T12:32:52","guid":{"rendered":"https:\/\/www.uninter.com\/pibid\/?p=761"},"modified":"2024-02-15T12:32:52","modified_gmt":"2024-02-15T12:32:52","slug":"cineclube-na-escola-possibilidades-na-educacao-infantil-e-no-ensino-fundamental","status":"publish","type":"post","link":"https:\/\/www.uninter.com\/pibid\/cineclube-na-escola-possibilidades-na-educacao-infantil-e-no-ensino-fundamental\/","title":{"rendered":"CINECLUBE NA ESCOLA: POSSIBILIDADES NA EDUCA\u00c7\u00c3O INFANTIL E NO ENSINO FUNDAMENTAL"},"content":{"rendered":"<p>O projeto: \u201cCineclube na escola: possibilidades na educa\u00e7\u00e3o infantil e no ensino fundamental\u201d tem como Objetivos: Proporcionar aprendizagens diferenciadas com foco nas compet\u00eancias da BNCC utilizando o cinema como ferramenta pedag\u00f3gica na escola; Possibilitar aprendizagem diferenciada de temas como: \u00c9tica, Direitos Humanos, Estatuto da Crian\u00e7a e do Adolescente (ECA), Empatia e coopera\u00e7\u00e3o, Responsabilidade e cidadania, por meio da pr\u00e1tica cineclubista na escola; e ainda desenvolver atividades de pesquisa relacionadas aos temas: cinema e educa\u00e7\u00e3o e cineclube na escola.<br \/>\nO cineclube \u00e9 uma pr\u00e1tica que consiste na exibi\u00e7\u00e3o e discuss\u00e3o de filmes em espa\u00e7os educativos. Nesse sentido, a proposta \u00e9 que os filmes sejam utilizados como ferramentas de aprendizagem, permitindo aos alunos explorar diferentes temas e perspectivas.<br \/>\nAo longo de 2023, al\u00e9m dos encontros de forma\u00e7\u00e3o no primeiro e segundo semestres, foram realizadas duas sess\u00f5es de Cineclube na Escola Maria Marli Piovezan contando com a participa\u00e7\u00e3o de aproximadamente 100 pessoas, considerando pais e\/ou respons\u00e1veis e estudantes. Essas sess\u00f5es foram realizadas no s\u00e1bado dentro das atividades do Programa: Comunidade Escola.<br \/>\nDurante do ano de 2023 tamb\u00e9m foi realizada a grava\u00e7\u00e3o da M\u00fasica: PIBID um sonho azul com as turmas do 2\u00ba e 4\u00ba anos do Ensino Fundamental da Escola Maria Marli Piovezan.<br \/>\n<img loading=\"lazy\" src=\"https:\/\/www.uninter.com\/pibid\/wp-content\/uploads\/2024\/02\/Cinema-na-Escola-300x300.png\" alt=\"\" width=\"300\" height=\"300\" class=\"alignnone size-medium wp-image-762\" srcset=\"https:\/\/www.uninter.com\/pibid\/wp-content\/uploads\/2024\/02\/Cinema-na-Escola-300x300.png 300w, https:\/\/www.uninter.com\/pibid\/wp-content\/uploads\/2024\/02\/Cinema-na-Escola-1024x1024.png 1024w, https:\/\/www.uninter.com\/pibid\/wp-content\/uploads\/2024\/02\/Cinema-na-Escola-150x150.png 150w, https:\/\/www.uninter.com\/pibid\/wp-content\/uploads\/2024\/02\/Cinema-na-Escola-768x768.png 768w, https:\/\/www.uninter.com\/pibid\/wp-content\/uploads\/2024\/02\/Cinema-na-Escola.png 1080w\" sizes=\"(max-width: 300px) 100vw, 300px\" \/><\/p>\n<p>DESCRI\u00c7\u00c3O DAS ATIVIDADES. <\/p>\n<p>O desenvolvimento das atividades envolve reuni\u00f5es de planejamento e visitas \u00e0 escola para uma compreens\u00e3o mais profunda da realidade local. A partir da apresenta\u00e7\u00e3o do projeto pelo professor orientador da Institui\u00e7\u00e3o de Ensino Superior, os estudantes tiveram seu primeiro contato com a realidade da escola, o que permitiu um refinamento do projeto para a execu\u00e7\u00e3o das atividades. Destaca-se o apoio caloroso e a colabora\u00e7\u00e3o dos professores preceptores, al\u00e9m do suporte oferecido pela dire\u00e7\u00e3o, pedagogos e toda a comunidade escolar.<\/p>\n<p>No ano de 2023 foi escolhido como filme para a sess\u00e3o de estreia, considerando que as atividades eram relativamente novas para a escola, diversas op\u00e7\u00f5es foram sugeridas, incluindo &#8220;Cinema Paradiso&#8221; (1988), &#8220;Divertida Mente&#8221; (2015), &#8220;Wall-e&#8221; (2008) e outros. No entanto, ap\u00f3s reflex\u00e3o sobre as necessidades das turmas e a import\u00e2ncia de envolver as fam\u00edlias, optou-se pelo curta-metragem brasileiro de anima\u00e7\u00e3o &#8220;Umbrella&#8221; (2019).<\/p>\n<p>Entre os crit\u00e9rios de sele\u00e7\u00e3o dos filmes estavam sua dura\u00e7\u00e3o, adequa\u00e7\u00e3o \u00e0 faixa et\u00e1ria dos estudantes e um conte\u00fado tem\u00e1tico que pudesse envolver toda a fam\u00edlia. &#8220;Umbrella&#8221; \u00e9 um curta-metragem de 8 minutos dirigido por Helena Hilario e Mario Pece, indicado ao Oscar de Melhor Curta-Metragem de Anima\u00e7\u00e3o em 2021. O filme narra a hist\u00f3ria de Joseph, um menino em um orfanato, cujo desejo por um guarda-chuva amarelo se transforma em um s\u00edmbolo de esperan\u00e7a e liberdade.<\/p>\n<p>Com o filme definido, os preparativos para a sess\u00e3o foram iniciados, incluindo a cria\u00e7\u00e3o de materiais de divulga\u00e7\u00e3o, como banners digitais, \u00e1udios e v\u00eddeos, que foram compartilhados nas redes sociais e, especialmente, no WhatsApp, para incentivar a participa\u00e7\u00e3o e o envolvimento das fam\u00edlias na atividade escolar.<br \/>\nVenha se encantar ainda mais com o grupo de trabalho lendo o depoimento da residente Natalia Sobenko<br \/>\n\u201cParticipar do GT Cinema na Escola me fez refletir sobre o acesso a cultura para os alunos e comunidade e como o cinema pode ser usado como ferramenta did\u00e1tica para esse prop\u00f3sito. Tive o privil\u00e9gio de participar de algumas se\u00e7\u00f5es na Escola Municipal Maria Marli Pioveza, com a media\u00e7\u00e3o de nosso professor Orientador Luis Fernando Lopes.<br \/>\nMeu senso cr\u00edtico foi desenvolvido ao perceber que algo que muitas vezes vemos apenas como lazer pode ser usado para transmitir mensagens importante, conhecimento e causar mudan\u00e7as\u201d<br \/>\n<img loading=\"lazy\" src=\"https:\/\/www.uninter.com\/pibid\/wp-content\/uploads\/2024\/02\/4-300x300.png\" alt=\"\" width=\"300\" height=\"300\" class=\"alignnone size-medium wp-image-763\" srcset=\"https:\/\/www.uninter.com\/pibid\/wp-content\/uploads\/2024\/02\/4-300x300.png 300w, https:\/\/www.uninter.com\/pibid\/wp-content\/uploads\/2024\/02\/4-1024x1024.png 1024w, https:\/\/www.uninter.com\/pibid\/wp-content\/uploads\/2024\/02\/4-150x150.png 150w, https:\/\/www.uninter.com\/pibid\/wp-content\/uploads\/2024\/02\/4-768x768.png 768w, https:\/\/www.uninter.com\/pibid\/wp-content\/uploads\/2024\/02\/4.png 1080w\" sizes=\"(max-width: 300px) 100vw, 300px\" \/><\/p>\n","protected":false},"excerpt":{"rendered":"<p>O projeto: \u201cCineclube na escola: possibilidades na educa\u00e7\u00e3o infantil e no ensino fundamental\u201d tem como Objetivos: Proporcionar aprendizagens diferenciadas com foco nas compet\u00eancias da BNCC utilizando o cinema como ferramenta pedag\u00f3gica na escola; Possibilitar aprendizagem diferenciada de temas como: \u00c9tica, Direitos Humanos, Estatuto da Crian\u00e7a e do Adolescente (ECA), Empatia e coopera\u00e7\u00e3o, Responsabilidade e cidadania, [&hellip;]<\/p>\n","protected":false},"author":5,"featured_media":764,"comment_status":"closed","ping_status":"open","sticky":false,"template":"","format":"standard","meta":[],"categories":[20],"tags":[],"acf":[],"_links":{"self":[{"href":"https:\/\/www.uninter.com\/pibid\/wp-json\/wp\/v2\/posts\/761"}],"collection":[{"href":"https:\/\/www.uninter.com\/pibid\/wp-json\/wp\/v2\/posts"}],"about":[{"href":"https:\/\/www.uninter.com\/pibid\/wp-json\/wp\/v2\/types\/post"}],"author":[{"embeddable":true,"href":"https:\/\/www.uninter.com\/pibid\/wp-json\/wp\/v2\/users\/5"}],"replies":[{"embeddable":true,"href":"https:\/\/www.uninter.com\/pibid\/wp-json\/wp\/v2\/comments?post=761"}],"version-history":[{"count":2,"href":"https:\/\/www.uninter.com\/pibid\/wp-json\/wp\/v2\/posts\/761\/revisions"}],"predecessor-version":[{"id":766,"href":"https:\/\/www.uninter.com\/pibid\/wp-json\/wp\/v2\/posts\/761\/revisions\/766"}],"wp:featuredmedia":[{"embeddable":true,"href":"https:\/\/www.uninter.com\/pibid\/wp-json\/wp\/v2\/media\/764"}],"wp:attachment":[{"href":"https:\/\/www.uninter.com\/pibid\/wp-json\/wp\/v2\/media?parent=761"}],"wp:term":[{"taxonomy":"category","embeddable":true,"href":"https:\/\/www.uninter.com\/pibid\/wp-json\/wp\/v2\/categories?post=761"},{"taxonomy":"post_tag","embeddable":true,"href":"https:\/\/www.uninter.com\/pibid\/wp-json\/wp\/v2\/tags?post=761"}],"curies":[{"name":"wp","href":"https:\/\/api.w.org\/{rel}","templated":true}]}}