{"id":747,"date":"2024-02-15T12:10:42","date_gmt":"2024-02-15T12:10:42","guid":{"rendered":"https:\/\/www.uninter.com\/pibid\/?p=747"},"modified":"2024-02-15T12:13:36","modified_gmt":"2024-02-15T12:13:36","slug":"processos-de-alfabetizacao-e-didatica","status":"publish","type":"post","link":"https:\/\/www.uninter.com\/pibid\/processos-de-alfabetizacao-e-didatica\/","title":{"rendered":"Processos de Alfabetiza\u00e7\u00e3o e Did\u00e1tica"},"content":{"rendered":"<p>Seja bem-vindo ao universo inovador do Grupo de Trabalho &#8220;Processos de Alfabetiza\u00e7\u00e3o e Did\u00e1tica&#8221; do PIBID RP Uninter! Neste espa\u00e7o, mergulhamos profundamente nas metodologias de ensino das \u00e1reas cruciais de L\u00edngua Portuguesa e Matem\u00e1tica, buscando n\u00e3o apenas compreender, mas tamb\u00e9m revolucionar o processo de ensino e aprendizagem.<br \/>\nNo \u00e2mbito de nossos objetivos, come\u00e7amos por pesquisar diversas metodologias de ensino aplicadas em L\u00edngua Portuguesa e Matem\u00e1tica. Esta investiga\u00e7\u00e3o visa n\u00e3o s\u00f3 compreender as pr\u00e1ticas existentes, mas tamb\u00e9m identificar boas estrat\u00e9gias e pr\u00e1ticas para aprimorar o processo educativo.<br \/>\nAl\u00e9m disso, o grupo tem o compromisso de incentivar a criatividade e inova\u00e7\u00e3o no desenvolvimento de m\u00e9todos de ensino. Acreditamos que a educa\u00e7\u00e3o deve ser din\u00e2mica e envolvente, por isso, buscamos constantemente integrar as metodologias desenvolvidas no cotidiano do processo ensino e aprendizagem.<br \/>\n<img loading=\"lazy\" src=\"https:\/\/www.uninter.com\/pibid\/wp-content\/uploads\/2024\/02\/Processos-de-afabetizacao-e-didatica-1-300x300.png\" alt=\"\" width=\"300\" height=\"300\" class=\"alignnone size-medium wp-image-755\" srcset=\"https:\/\/www.uninter.com\/pibid\/wp-content\/uploads\/2024\/02\/Processos-de-afabetizacao-e-didatica-1-300x300.png 300w, https:\/\/www.uninter.com\/pibid\/wp-content\/uploads\/2024\/02\/Processos-de-afabetizacao-e-didatica-1-1024x1024.png 1024w, https:\/\/www.uninter.com\/pibid\/wp-content\/uploads\/2024\/02\/Processos-de-afabetizacao-e-didatica-1-150x150.png 150w, https:\/\/www.uninter.com\/pibid\/wp-content\/uploads\/2024\/02\/Processos-de-afabetizacao-e-didatica-1-768x768.png 768w, https:\/\/www.uninter.com\/pibid\/wp-content\/uploads\/2024\/02\/Processos-de-afabetizacao-e-didatica-1.png 1080w\" sizes=\"(max-width: 300px) 100vw, 300px\" \/>  <img loading=\"lazy\" src=\"https:\/\/www.uninter.com\/pibid\/wp-content\/uploads\/2024\/02\/Processos-de-afabetizacao-e-didatica-2-300x300.png\" alt=\"\" width=\"300\" height=\"300\" class=\"alignnone size-medium wp-image-756\" srcset=\"https:\/\/www.uninter.com\/pibid\/wp-content\/uploads\/2024\/02\/Processos-de-afabetizacao-e-didatica-2-300x300.png 300w, https:\/\/www.uninter.com\/pibid\/wp-content\/uploads\/2024\/02\/Processos-de-afabetizacao-e-didatica-2-1024x1024.png 1024w, https:\/\/www.uninter.com\/pibid\/wp-content\/uploads\/2024\/02\/Processos-de-afabetizacao-e-didatica-2-150x150.png 150w, https:\/\/www.uninter.com\/pibid\/wp-content\/uploads\/2024\/02\/Processos-de-afabetizacao-e-didatica-2-768x768.png 768w, https:\/\/www.uninter.com\/pibid\/wp-content\/uploads\/2024\/02\/Processos-de-afabetizacao-e-didatica-2.png 1080w\" sizes=\"(max-width: 300px) 100vw, 300px\" \/><br \/>\nNo que diz respeito \u00e0 elabora\u00e7\u00e3o de planos de aula, nosso foco est\u00e1 na constru\u00e7\u00e3o de propostas robustas, alinhadas \u00e0 Base Nacional Comum Curricular (BNCC), levando em considera\u00e7\u00e3o os elementos do Projeto Pol\u00edtico Pedag\u00f3gico (PPP) da escola e do Referencial Curricular do Munic\u00edpio de Curitiba.<br \/>\nA orienta\u00e7\u00e3o da produ\u00e7\u00e3o discente \u00e9 uma pe\u00e7a fundamental em nossa abordagem. Oferecemos orienta\u00e7\u00e3o pr\u00e1tica aos alunos, baseada nas experi\u00eancias vivenciadas nas escolas parceiras, integrando teoria e pr\u00e1tica para uma forma\u00e7\u00e3o mais completa e eficaz.<br \/>\nAl\u00e9m disso, promovemos um ambiente de colabora\u00e7\u00e3o e troca de experi\u00eancias entre professores e preceptoras, buscando estimular a explora\u00e7\u00e3o e ado\u00e7\u00e3o de abordagens de ensino inovadoras.<br \/>\nPor fim, o Grupo de Trabalho proporciona um espa\u00e7o para a apresenta\u00e7\u00e3o e discuss\u00e3o de produ\u00e7\u00f5es acad\u00eamicas geradas a partir das a\u00e7\u00f5es realizadas em campo. Fomentamos a pesquisa e a divulga\u00e7\u00e3o de conhecimento no \u00e2mbito educacional, buscando sempre moldar o futuro da educa\u00e7\u00e3o, oferecendo o melhor para nossos estudantes e comunidades escolares. Junte-se a n\u00f3s nessa jornada de descobertas e inova\u00e7\u00f5es educacionais!<br \/>\nConfira o depoimento da residente Kathyn Bueno Dos Santos, que participa do grupo de trabalho:<br \/>\n&#8220;Minha viv\u00eancia no GT processos de alfabetiza\u00e7\u00e3o e did\u00e1tica iniciou em agosto de 2023, e eu fui super bem recebida! Aprendi in\u00fameras coisas novas com as professoras respons\u00e1veis do GT, com colegas e viventes. A participa\u00e7\u00e3o na escola Maria Marli com a professora Deborah agregou muito no meu processo, e tenho certeza que tem a agregar ainda mais na minha forma\u00e7\u00e3o acad\u00eamica.<br \/>\nSempre digo que, esse programa (o PIBID) abre muitas portas valiosas pra n\u00f3s estudantes!&#8221;<br \/>\n<img loading=\"lazy\" src=\"https:\/\/www.uninter.com\/pibid\/wp-content\/uploads\/2024\/02\/Processos-de-afabetizacao-e-didatica-300x300.png\" alt=\"\" width=\"300\" height=\"300\" class=\"alignnone size-medium wp-image-754\" srcset=\"https:\/\/www.uninter.com\/pibid\/wp-content\/uploads\/2024\/02\/Processos-de-afabetizacao-e-didatica-300x300.png 300w, https:\/\/www.uninter.com\/pibid\/wp-content\/uploads\/2024\/02\/Processos-de-afabetizacao-e-didatica-1024x1024.png 1024w, https:\/\/www.uninter.com\/pibid\/wp-content\/uploads\/2024\/02\/Processos-de-afabetizacao-e-didatica-150x150.png 150w, https:\/\/www.uninter.com\/pibid\/wp-content\/uploads\/2024\/02\/Processos-de-afabetizacao-e-didatica-768x768.png 768w, https:\/\/www.uninter.com\/pibid\/wp-content\/uploads\/2024\/02\/Processos-de-afabetizacao-e-didatica.png 1080w\" sizes=\"(max-width: 300px) 100vw, 300px\" \/><\/p>\n","protected":false},"excerpt":{"rendered":"<p>Seja bem-vindo ao universo inovador do Grupo de Trabalho &#8220;Processos de Alfabetiza\u00e7\u00e3o e Did\u00e1tica&#8221; do PIBID RP Uninter! Neste espa\u00e7o, mergulhamos profundamente nas metodologias de ensino das \u00e1reas cruciais de L\u00edngua Portuguesa e Matem\u00e1tica, buscando n\u00e3o apenas compreender, mas tamb\u00e9m revolucionar o processo de ensino e aprendizagem. No \u00e2mbito de nossos objetivos, come\u00e7amos por pesquisar [&hellip;]<\/p>\n","protected":false},"author":5,"featured_media":757,"comment_status":"closed","ping_status":"open","sticky":false,"template":"","format":"standard","meta":[],"categories":[20],"tags":[],"acf":[],"_links":{"self":[{"href":"https:\/\/www.uninter.com\/pibid\/wp-json\/wp\/v2\/posts\/747"}],"collection":[{"href":"https:\/\/www.uninter.com\/pibid\/wp-json\/wp\/v2\/posts"}],"about":[{"href":"https:\/\/www.uninter.com\/pibid\/wp-json\/wp\/v2\/types\/post"}],"author":[{"embeddable":true,"href":"https:\/\/www.uninter.com\/pibid\/wp-json\/wp\/v2\/users\/5"}],"replies":[{"embeddable":true,"href":"https:\/\/www.uninter.com\/pibid\/wp-json\/wp\/v2\/comments?post=747"}],"version-history":[{"count":2,"href":"https:\/\/www.uninter.com\/pibid\/wp-json\/wp\/v2\/posts\/747\/revisions"}],"predecessor-version":[{"id":759,"href":"https:\/\/www.uninter.com\/pibid\/wp-json\/wp\/v2\/posts\/747\/revisions\/759"}],"wp:featuredmedia":[{"embeddable":true,"href":"https:\/\/www.uninter.com\/pibid\/wp-json\/wp\/v2\/media\/757"}],"wp:attachment":[{"href":"https:\/\/www.uninter.com\/pibid\/wp-json\/wp\/v2\/media?parent=747"}],"wp:term":[{"taxonomy":"category","embeddable":true,"href":"https:\/\/www.uninter.com\/pibid\/wp-json\/wp\/v2\/categories?post=747"},{"taxonomy":"post_tag","embeddable":true,"href":"https:\/\/www.uninter.com\/pibid\/wp-json\/wp\/v2\/tags?post=747"}],"curies":[{"name":"wp","href":"https:\/\/api.w.org\/{rel}","templated":true}]}}