{"id":536,"date":"2022-05-20T18:56:18","date_gmt":"2022-05-20T18:56:18","guid":{"rendered":"https:\/\/www.uninter.com\/pibid\/?p=536"},"modified":"2024-02-21T13:06:22","modified_gmt":"2024-02-21T13:06:22","slug":"viii-seminario-pibid-programa-institucional-de-bolsas-de-iniciacao-a-docencia","status":"publish","type":"post","link":"https:\/\/www.uninter.com\/pibid\/viii-seminario-pibid-programa-institucional-de-bolsas-de-iniciacao-a-docencia\/","title":{"rendered":"VIII SEMIN\u00c1RIO PIBID &#8211; PROGRAMA INSTITUCIONAL DE BOLSAS DE INICIA\u00c7\u00c3O \u00c0 DOC\u00caNCIA"},"content":{"rendered":"<p>O PIBID UNINTER convida a todos para participarem, no dia 28 de maio de 2022, a partir das 9h, do VIII SEMIN\u00c1RIO PIBID \u2013 PROGRAMA INSTITUCIONAL DE BOLSAS DE INICIA\u00c7\u00c3O A DOC\u00caNCIA, com certificado de apresenta\u00e7\u00e3o de trabalhos.<\/p>\n<p>O semin\u00e1rio visa trazer compreens\u00f5es sobre a forma\u00e7\u00e3o de professores no per\u00edodo da pandemia, bem como, a reflex\u00e3o atual e contextualizada de quest\u00f5es implicadas \u00e0 forma\u00e7\u00e3o inicial e continuada de professores da Educa\u00e7\u00e3o B\u00e1sica. Tamb\u00e9m tem como objetivo, trazer o fechamento das tem\u00e1ticas debatidas durante o PIBID, no per\u00edodo de 2020 a 2022.<\/p>\n<p>Participe conosco!<\/p>\n<p>\u2022 Palestrante: Prof.\u00aa Dra. Desir\u00e9 Luciane Dominschek Lima<\/p>\n<p>\u2022 Data: 28\/05\/2022<\/p>\n<p>\u2022 Hor\u00e1rio: 09:00 \u00e0s 17:00<\/p>\n<p>\u2022 Link de inscri\u00e7\u00e3o: <a href=\"https:\/\/www.even3.com.br\/pibiduninter2022\/\">https:\/\/www.even3.com.br\/pibiduninter2022\/<\/a><\/p>\n<p>\u2022 Transmiss\u00e3o ao vivo pelos canais do YouTube e Facebook do PIBID.<\/p>\n","protected":false},"excerpt":{"rendered":"<p>O PIBID UNINTER convida a todos para participarem, no dia 28 de maio de 2022, a partir das 9h, do VIII SEMIN\u00c1RIO PIBID \u2013 PROGRAMA INSTITUCIONAL DE BOLSAS DE INICIA\u00c7\u00c3O A DOC\u00caNCIA, com certificado de apresenta\u00e7\u00e3o de trabalhos. O semin\u00e1rio visa trazer compreens\u00f5es sobre a forma\u00e7\u00e3o de professores no per\u00edodo da pandemia, bem como, a [&hellip;]<\/p>\n","protected":false},"author":5,"featured_media":786,"comment_status":"closed","ping_status":"open","sticky":false,"template":"","format":"standard","meta":[],"categories":[2],"tags":[],"acf":[],"_links":{"self":[{"href":"https:\/\/www.uninter.com\/pibid\/wp-json\/wp\/v2\/posts\/536"}],"collection":[{"href":"https:\/\/www.uninter.com\/pibid\/wp-json\/wp\/v2\/posts"}],"about":[{"href":"https:\/\/www.uninter.com\/pibid\/wp-json\/wp\/v2\/types\/post"}],"author":[{"embeddable":true,"href":"https:\/\/www.uninter.com\/pibid\/wp-json\/wp\/v2\/users\/5"}],"replies":[{"embeddable":true,"href":"https:\/\/www.uninter.com\/pibid\/wp-json\/wp\/v2\/comments?post=536"}],"version-history":[{"count":7,"href":"https:\/\/www.uninter.com\/pibid\/wp-json\/wp\/v2\/posts\/536\/revisions"}],"predecessor-version":[{"id":543,"href":"https:\/\/www.uninter.com\/pibid\/wp-json\/wp\/v2\/posts\/536\/revisions\/543"}],"wp:featuredmedia":[{"embeddable":true,"href":"https:\/\/www.uninter.com\/pibid\/wp-json\/wp\/v2\/media\/786"}],"wp:attachment":[{"href":"https:\/\/www.uninter.com\/pibid\/wp-json\/wp\/v2\/media?parent=536"}],"wp:term":[{"taxonomy":"category","embeddable":true,"href":"https:\/\/www.uninter.com\/pibid\/wp-json\/wp\/v2\/categories?post=536"},{"taxonomy":"post_tag","embeddable":true,"href":"https:\/\/www.uninter.com\/pibid\/wp-json\/wp\/v2\/tags?post=536"}],"curies":[{"name":"wp","href":"https:\/\/api.w.org\/{rel}","templated":true}]}}