{"id":509,"date":"2021-11-26T13:02:20","date_gmt":"2021-11-26T13:02:20","guid":{"rendered":"https:\/\/www.uninter.com\/pibid\/?p=509"},"modified":"2024-02-21T12:59:39","modified_gmt":"2024-02-21T12:59:39","slug":"seminario-pibid","status":"publish","type":"post","link":"https:\/\/www.uninter.com\/pibid\/seminario-pibid\/","title":{"rendered":"Semin\u00e1rio PIBID"},"content":{"rendered":"<p><strong>IV Congresso Internacional de Ensino e Aprendizagens, VIII Semin\u00e1rio Institucional do PIBID\/Univates, II Semin\u00e1rio do Resid\u00eancia Pedag\u00f3gica\/Univates \u2013 2021<br \/>\n<\/strong><span id=\"data_dataInicio\">24\/11\/2021<\/span><span id=\"data_dataFim\">\u2013 26\/11\/2021<\/span><span id=\"horarios_horaInicioFim\">&#8211; 18:30<\/span><strong><br \/>\n<\/strong><\/p>\n<p><strong>Link: <\/strong><a href=\"https:\/\/www.univates.br\/evento\/seminariopibid\"><strong>https:\/\/www.univates.br\/evento\/seminariopibid<\/strong><\/a><\/p>\n<p>&nbsp;<\/p>\n<p>O IV Congresso Internacional de Ensino e Aprendizagens, VIII Semin\u00e1rio Institucional do PIBID\/Univates, II Semin\u00e1rio do Resid\u00eancia Pedag\u00f3gica\/Univates t\u00eam como tem\u00e1tica Doc\u00eancia e Ci\u00eancia: (re)valoriza\u00e7\u00e3o do conhecimento Os eventos objetivam:<\/p>\n<ul>\n<li>&#8211; Refletir sobre quest\u00f5es relacionadas \u00e0 forma\u00e7\u00e3o docente nas diferentes \u00e1reas do conhecimento.<\/li>\n<li>&#8211; Promover interc\u00e2mbio e divulga\u00e7\u00e3o das investiga\u00e7\u00f5es e produ\u00e7\u00f5es cient\u00edficas relacionadas \u00e0 experi\u00eancias educacionais;<\/li>\n<li>&#8211; Proporcionar um espa\u00e7o de discuss\u00e3o de trabalhos oriundos dos diferentes n\u00edveis de ensino, promovendo a interlocu\u00e7\u00e3o de pesquisadores, alunos de gradua\u00e7\u00e3o, p\u00f3s-gradua\u00e7\u00e3o e de professores da escola b\u00e1sica.<\/li>\n<\/ul>\n<h3>P\u00fablico<\/h3>\n<p>Professores e estudantes de gradua\u00e7\u00e3o e p\u00f3s-gradua\u00e7\u00e3o, professores da educa\u00e7\u00e3o b\u00e1sica e demais profissionais e pesquisadores da \u00e1rea da educa\u00e7\u00e3o\/ensino.<\/p>\n","protected":false},"excerpt":{"rendered":"<p>IV Congresso Internacional de Ensino e Aprendizagens, VIII Semin\u00e1rio Institucional do PIBID\/Univates, II Semin\u00e1rio do Resid\u00eancia Pedag\u00f3gica\/Univates \u2013 2021 24\/11\/2021\u2013 26\/11\/2021&#8211; 18:30 Link: https:\/\/www.univates.br\/evento\/seminariopibid &nbsp; O IV Congresso Internacional de Ensino e Aprendizagens, VIII Semin\u00e1rio Institucional do PIBID\/Univates, II Semin\u00e1rio do Resid\u00eancia Pedag\u00f3gica\/Univates t\u00eam como tem\u00e1tica Doc\u00eancia e Ci\u00eancia: (re)valoriza\u00e7\u00e3o do conhecimento Os eventos objetivam: [&hellip;]<\/p>\n","protected":false},"author":1,"featured_media":784,"comment_status":"closed","ping_status":"open","sticky":false,"template":"","format":"standard","meta":[],"categories":[2],"tags":[],"acf":[],"_links":{"self":[{"href":"https:\/\/www.uninter.com\/pibid\/wp-json\/wp\/v2\/posts\/509"}],"collection":[{"href":"https:\/\/www.uninter.com\/pibid\/wp-json\/wp\/v2\/posts"}],"about":[{"href":"https:\/\/www.uninter.com\/pibid\/wp-json\/wp\/v2\/types\/post"}],"author":[{"embeddable":true,"href":"https:\/\/www.uninter.com\/pibid\/wp-json\/wp\/v2\/users\/1"}],"replies":[{"embeddable":true,"href":"https:\/\/www.uninter.com\/pibid\/wp-json\/wp\/v2\/comments?post=509"}],"version-history":[{"count":2,"href":"https:\/\/www.uninter.com\/pibid\/wp-json\/wp\/v2\/posts\/509\/revisions"}],"predecessor-version":[{"id":511,"href":"https:\/\/www.uninter.com\/pibid\/wp-json\/wp\/v2\/posts\/509\/revisions\/511"}],"wp:featuredmedia":[{"embeddable":true,"href":"https:\/\/www.uninter.com\/pibid\/wp-json\/wp\/v2\/media\/784"}],"wp:attachment":[{"href":"https:\/\/www.uninter.com\/pibid\/wp-json\/wp\/v2\/media?parent=509"}],"wp:term":[{"taxonomy":"category","embeddable":true,"href":"https:\/\/www.uninter.com\/pibid\/wp-json\/wp\/v2\/categories?post=509"},{"taxonomy":"post_tag","embeddable":true,"href":"https:\/\/www.uninter.com\/pibid\/wp-json\/wp\/v2\/tags?post=509"}],"curies":[{"name":"wp","href":"https:\/\/api.w.org\/{rel}","templated":true}]}}