{"id":498,"date":"2020-12-12T12:38:09","date_gmt":"2020-12-12T12:38:09","guid":{"rendered":"https:\/\/www.uninter.com\/pibid\/?p=498"},"modified":"2024-02-21T12:48:04","modified_gmt":"2024-02-21T12:48:04","slug":"ii-seminario-do-grupo-de-pesquisa-historia-educacao-sociedade-e-politica-ghesp-uninter","status":"publish","type":"post","link":"https:\/\/www.uninter.com\/pibid\/ii-seminario-do-grupo-de-pesquisa-historia-educacao-sociedade-e-politica-ghesp-uninter\/","title":{"rendered":"II SEMIN\u00c1RIO DO GRUPO DE PESQUISA HIST\u00d3RIA, EDUCA\u00c7\u00c3O SOCIEDADE E POL\u00cdTICA -GHESP UNINTER"},"content":{"rendered":"<p>O GHESP tem o objetivo de desenvolver junto aos seus pesquisadores a autonomia intelectual e cient\u00edfica, a partir de semin\u00e1rios com estudos e debates a partir das dimens\u00f5es da pesquisa acad\u00eamica, com foco na possibilidade de intervir na realidade social e educacional. Para tanto, as pesquisas empreendidas ser\u00e3o de cunho te\u00f3rico-metodol\u00f3gico e emp\u00edrico. Ser\u00e3o acolhidas pesquisas que visam as seguintes repercuss\u00f5es: Impacto social a partir de desenvolvimento de artigos para publica\u00e7\u00f5es, participa\u00e7\u00e3o em eventos e aplica\u00e7\u00e3o dos conhecimentos adquiridos na realidade educacional colaborando assim para a doc\u00eancia, a pesquisa e a extens\u00e3o.<\/p>\n<p>&nbsp;<\/p>\n<p><strong>Link: <\/strong><a href=\"https:\/\/www.even3.com.br\/seminarioghesp2020\/\"><strong>https:\/\/www.even3.com.br\/seminarioghesp2020\/<\/strong><\/a><\/p>\n<p><strong>Link Youtube: <\/strong><a href=\"https:\/\/www.youtube.com\/watch?v=vXebePteing\"><strong>https:\/\/www.youtube.com\/watch?v=vXebePteing<\/strong><\/a><\/p>\n","protected":false},"excerpt":{"rendered":"<p>O GHESP tem o objetivo de desenvolver junto aos seus pesquisadores a autonomia intelectual e cient\u00edfica, a partir de semin\u00e1rios com estudos e debates a partir das dimens\u00f5es da pesquisa acad\u00eamica, com foco na possibilidade de intervir na realidade social e educacional. Para tanto, as pesquisas empreendidas ser\u00e3o de cunho te\u00f3rico-metodol\u00f3gico e emp\u00edrico. Ser\u00e3o acolhidas [&hellip;]<\/p>\n","protected":false},"author":1,"featured_media":779,"comment_status":"closed","ping_status":"open","sticky":false,"template":"","format":"standard","meta":[],"categories":[2],"tags":[],"acf":[],"_links":{"self":[{"href":"https:\/\/www.uninter.com\/pibid\/wp-json\/wp\/v2\/posts\/498"}],"collection":[{"href":"https:\/\/www.uninter.com\/pibid\/wp-json\/wp\/v2\/posts"}],"about":[{"href":"https:\/\/www.uninter.com\/pibid\/wp-json\/wp\/v2\/types\/post"}],"author":[{"embeddable":true,"href":"https:\/\/www.uninter.com\/pibid\/wp-json\/wp\/v2\/users\/1"}],"replies":[{"embeddable":true,"href":"https:\/\/www.uninter.com\/pibid\/wp-json\/wp\/v2\/comments?post=498"}],"version-history":[{"count":1,"href":"https:\/\/www.uninter.com\/pibid\/wp-json\/wp\/v2\/posts\/498\/revisions"}],"predecessor-version":[{"id":499,"href":"https:\/\/www.uninter.com\/pibid\/wp-json\/wp\/v2\/posts\/498\/revisions\/499"}],"wp:featuredmedia":[{"embeddable":true,"href":"https:\/\/www.uninter.com\/pibid\/wp-json\/wp\/v2\/media\/779"}],"wp:attachment":[{"href":"https:\/\/www.uninter.com\/pibid\/wp-json\/wp\/v2\/media?parent=498"}],"wp:term":[{"taxonomy":"category","embeddable":true,"href":"https:\/\/www.uninter.com\/pibid\/wp-json\/wp\/v2\/categories?post=498"},{"taxonomy":"post_tag","embeddable":true,"href":"https:\/\/www.uninter.com\/pibid\/wp-json\/wp\/v2\/tags?post=498"}],"curies":[{"name":"wp","href":"https:\/\/api.w.org\/{rel}","templated":true}]}}