{"id":14,"date":"2021-05-26T15:35:49","date_gmt":"2021-05-26T15:35:49","guid":{"rendered":"https:\/\/www.uninter.com\/pibid\/?p=14"},"modified":"2024-02-21T12:49:52","modified_gmt":"2024-02-21T12:49:52","slug":"abertura-pibid-uninter-2021-valorizacao-da-formacao-na-infancia-2021","status":"publish","type":"post","link":"https:\/\/www.uninter.com\/pibid\/abertura-pibid-uninter-2021-valorizacao-da-formacao-na-infancia-2021\/","title":{"rendered":"ABERTURA PIBID UNINTER 2021 &#8211; Valoriza\u00e7\u00e3o de Forma\u00e7\u00e3o na Inf\u00e2ncia 2021"},"content":{"rendered":"<div class=\"text-center\">\n<p class=\"with-subtitle\">Abertura PIBID UNINTER 2021 : Valoriza\u00e7\u00e3o da forma\u00e7\u00e3o na inf\u00e2ncia<br \/>\n<span id=\"data_dataInicio\">26\/05\/2021<\/span>\u00a0<span id=\"horarios_horaInicioFim\">&#8211; 18:00 &#8211; 19:30 GMT-3<\/span><\/p>\n<\/div>\n<p>O desenvolvimento do projeto institucional da UNINTER se orienta na consecu\u00e7\u00e3o dos objetivos do Pibid nacional contribuindo com o prop\u00f3sito da eleva\u00e7\u00e3o da qualidade das a\u00e7\u00f5es acad\u00eamicas voltadas \u00e0 forma\u00e7\u00e3o inicial de professores nos cursos de licenciatura das institui\u00e7\u00f5es de educa\u00e7\u00e3o superior. Assim como a inser\u00e7\u00e3o dos licenciandos no cotidiano de escolas da rede p\u00fablica de educa\u00e7\u00e3o, o que promove a integra\u00e7\u00e3o entre educa\u00e7\u00e3o superior e educa\u00e7\u00e3o b\u00e1sica. Bem como, oportuniza aos futuros professores participa\u00e7\u00e3o em experi\u00eancias metodol\u00f3gicas, tecnol\u00f3gicas e pr\u00e1ticas docentes de car\u00e1ter qualitativo e interdisciplinar e que busquem a supera\u00e7\u00e3o de problemas identificados no processo de ensino-aprendizagem. Al\u00e9m de incentivar as escolas p\u00fablicas de educa\u00e7\u00e3o b\u00e1sica a tornarem-se protagonistas nos processos formativos dos estudantes das licenciaturas, mobilizando seus professores como co-formadores dos futuros professores.<\/p>\n<p>&nbsp;<\/p>\n<p><strong>Link: <\/strong><a href=\"https:\/\/www.even3.com.br\/aberturapibiduninter2021\/\"><strong>https:\/\/www.even3.com.br\/aberturapibiduninter2021\/<\/strong><\/a><\/p>\n<p><strong>Link Youtube: <\/strong><a href=\"https:\/\/www.youtube.com\/watch?v=N-zYEB7nnJI\"><strong>https:\/\/www.youtube.com\/watch?v=N-zYEB7nnJI<\/strong><\/a><\/p>\n<p>&nbsp;<\/p>\n","protected":false},"excerpt":{"rendered":"<p>Abertura PIBID UNINTER 2021 : Valoriza\u00e7\u00e3o da forma\u00e7\u00e3o na inf\u00e2ncia 26\/05\/2021\u00a0&#8211; 18:00 &#8211; 19:30 GMT-3 O desenvolvimento do projeto institucional da UNINTER se orienta na consecu\u00e7\u00e3o dos objetivos do Pibid nacional contribuindo com o prop\u00f3sito da eleva\u00e7\u00e3o da qualidade das a\u00e7\u00f5es acad\u00eamicas voltadas \u00e0 forma\u00e7\u00e3o inicial de professores nos cursos de licenciatura das institui\u00e7\u00f5es de [&hellip;]<\/p>\n","protected":false},"author":1,"featured_media":780,"comment_status":"open","ping_status":"open","sticky":false,"template":"","format":"standard","meta":[],"categories":[2],"tags":[],"acf":[],"_links":{"self":[{"href":"https:\/\/www.uninter.com\/pibid\/wp-json\/wp\/v2\/posts\/14"}],"collection":[{"href":"https:\/\/www.uninter.com\/pibid\/wp-json\/wp\/v2\/posts"}],"about":[{"href":"https:\/\/www.uninter.com\/pibid\/wp-json\/wp\/v2\/types\/post"}],"author":[{"embeddable":true,"href":"https:\/\/www.uninter.com\/pibid\/wp-json\/wp\/v2\/users\/1"}],"replies":[{"embeddable":true,"href":"https:\/\/www.uninter.com\/pibid\/wp-json\/wp\/v2\/comments?post=14"}],"version-history":[{"count":14,"href":"https:\/\/www.uninter.com\/pibid\/wp-json\/wp\/v2\/posts\/14\/revisions"}],"predecessor-version":[{"id":502,"href":"https:\/\/www.uninter.com\/pibid\/wp-json\/wp\/v2\/posts\/14\/revisions\/502"}],"wp:featuredmedia":[{"embeddable":true,"href":"https:\/\/www.uninter.com\/pibid\/wp-json\/wp\/v2\/media\/780"}],"wp:attachment":[{"href":"https:\/\/www.uninter.com\/pibid\/wp-json\/wp\/v2\/media?parent=14"}],"wp:term":[{"taxonomy":"category","embeddable":true,"href":"https:\/\/www.uninter.com\/pibid\/wp-json\/wp\/v2\/categories?post=14"},{"taxonomy":"post_tag","embeddable":true,"href":"https:\/\/www.uninter.com\/pibid\/wp-json\/wp\/v2\/tags?post=14"}],"curies":[{"name":"wp","href":"https:\/\/api.w.org\/{rel}","templated":true}]}}