{"id":10,"date":"2020-09-30T15:35:16","date_gmt":"2020-09-30T15:35:16","guid":{"rendered":"https:\/\/www.uninter.com\/pibid\/?p=10"},"modified":"2024-02-21T12:44:55","modified_gmt":"2024-02-21T12:44:55","slug":"vii-seminario-pibid-e-ii-seminario-residencia-pedagogica","status":"publish","type":"post","link":"https:\/\/www.uninter.com\/pibid\/vii-seminario-pibid-e-ii-seminario-residencia-pedagogica\/","title":{"rendered":"VII SEMIN\u00c1RIO PIBID E II SEMIN\u00c1RIO RESID\u00caNCIA PEDAG\u00d3GICA:"},"content":{"rendered":"<h3>A FORMA\u00c7\u00c3O INICIAL EM QUEST\u00c3O<\/h3>\n<p class=\"info-adicionais-evento\"><time class=\"listing-hero-date text-medium\"><span id=\"data_dataInicio\">30\/09\/2020<\/span>\u00a0&#8211; 17:00 &#8211; 18:30 GMT-3<\/time><\/p>\n<p>&nbsp;<\/p>\n<p><strong>Link: <\/strong><a href=\"https:\/\/www.even3.com.br\/pibidrpuninter2020\/\"><strong>https:\/\/www.even3.com.br\/pibidrpuninter2020\/<\/strong><\/a><\/p>\n<p><strong>Link do Youtube: <\/strong><a href=\"https:\/\/www.youtube.com\/watch?v=hP5Hmlwl1BU\"><strong>https:\/\/www.youtube.com\/watch?v=hP5Hmlwl1BU<\/strong><\/a><\/p>\n<h3>Sobre o evento<\/h3>\n<p style=\"font-weight: 400;\">O projeto institucional do PIBID e Resid\u00eancia pedag\u00f3gica UNINTER tem como foco a inicia\u00e7\u00e3o \u00e0 doc\u00eancia e a forma\u00e7\u00e3o pr\u00e1tica para o exerc\u00edcio do magist\u00e9rio no sistema p\u00fablico de educa\u00e7\u00e3o b\u00e1sica .Nessa perspectiva, a pesquisa \u00e9 compreendida como inerente ao processo reflexivo da doc\u00eancia no contexto contempor\u00e2neo e este evento \u00e9 o fechamento de atividades realizadas nos projetos em 2019. O Evento coloca em foco o debate sobre a\u00a0\u00a0a\u00e7\u00e3o docente para que esta viabilize o desenvolvimento e aperfei\u00e7oamento de atitude permanentemente reflexiva e indagativa, entre a rela\u00e7\u00e3o teoria e pr\u00e1tica.<\/p>\n<p>&nbsp;<\/p>\n<div class=\"text-center\">\n<h3 class=\"with-subtitle\">Atividades<\/h3>\n<p class=\"subtitle\">\n<\/div>\n<div>\n<p><a class=\"nav-link\" href=\"https:\/\/www.even3.com.br\/pibidrpuninter2020\/\">Quarta, 30\/09<\/a><\/p>\n<div class=\"tab-content\">\n<div class=\"tab-pane active\">\n<div>\n<div class=\"lista-atividades\">\n<div class=\"col-md-10\">MESA DE ABERTURA<\/div>\n<div class=\"col-md-2 hora-atividade\"><span class=\"text-muted pull-right\">17:00-17:15<\/span><\/div>\n<div class=\"clearfix\"><\/div>\n<\/div>\n<\/div>\n<div>\n<div class=\"lista-atividades\">\n<div class=\"col-md-10\">PALESTRA DE ABERTURA<\/div>\n<div class=\"col-md-2 hora-atividade\"><span class=\"text-muted pull-right\">17:15-18:00<\/span><\/div>\n<div class=\"clearfix\"><\/div>\n<\/div>\n<\/div>\n<div>\n<div class=\"lista-atividades\">\n<div class=\"col-md-10\">HOMENAGEM AOS PIBIDIANOS E RESIDENTES DE 2019<\/div>\n<div class=\"col-md-2 hora-atividade\"><span class=\"text-muted pull-right\">18:00-18:30<\/span><\/div>\n<\/div>\n<\/div>\n<\/div>\n<\/div>\n<\/div>\n<p>&nbsp;<\/p>\n<p>&nbsp;<\/p>\n<h3 class=\"with-subtitle\">Palestrantes<\/h3>\n<p>&nbsp;<\/p>\n","protected":false},"excerpt":{"rendered":"<p>A FORMA\u00c7\u00c3O INICIAL EM QUEST\u00c3O 30\/09\/2020\u00a0&#8211; 17:00 &#8211; 18:30 GMT-3 &nbsp; Link: https:\/\/www.even3.com.br\/pibidrpuninter2020\/ Link do Youtube: https:\/\/www.youtube.com\/watch?v=hP5Hmlwl1BU Sobre o evento O projeto institucional do PIBID e Resid\u00eancia pedag\u00f3gica UNINTER tem como foco a inicia\u00e7\u00e3o \u00e0 doc\u00eancia e a forma\u00e7\u00e3o pr\u00e1tica para o exerc\u00edcio do magist\u00e9rio no sistema p\u00fablico de educa\u00e7\u00e3o b\u00e1sica .Nessa perspectiva, a pesquisa [&hellip;]<\/p>\n","protected":false},"author":1,"featured_media":778,"comment_status":"open","ping_status":"open","sticky":false,"template":"","format":"standard","meta":[],"categories":[2],"tags":[],"acf":[],"_links":{"self":[{"href":"https:\/\/www.uninter.com\/pibid\/wp-json\/wp\/v2\/posts\/10"}],"collection":[{"href":"https:\/\/www.uninter.com\/pibid\/wp-json\/wp\/v2\/posts"}],"about":[{"href":"https:\/\/www.uninter.com\/pibid\/wp-json\/wp\/v2\/types\/post"}],"author":[{"embeddable":true,"href":"https:\/\/www.uninter.com\/pibid\/wp-json\/wp\/v2\/users\/1"}],"replies":[{"embeddable":true,"href":"https:\/\/www.uninter.com\/pibid\/wp-json\/wp\/v2\/comments?post=10"}],"version-history":[{"count":8,"href":"https:\/\/www.uninter.com\/pibid\/wp-json\/wp\/v2\/posts\/10\/revisions"}],"predecessor-version":[{"id":497,"href":"https:\/\/www.uninter.com\/pibid\/wp-json\/wp\/v2\/posts\/10\/revisions\/497"}],"wp:featuredmedia":[{"embeddable":true,"href":"https:\/\/www.uninter.com\/pibid\/wp-json\/wp\/v2\/media\/778"}],"wp:attachment":[{"href":"https:\/\/www.uninter.com\/pibid\/wp-json\/wp\/v2\/media?parent=10"}],"wp:term":[{"taxonomy":"category","embeddable":true,"href":"https:\/\/www.uninter.com\/pibid\/wp-json\/wp\/v2\/categories?post=10"},{"taxonomy":"post_tag","embeddable":true,"href":"https:\/\/www.uninter.com\/pibid\/wp-json\/wp\/v2\/tags?post=10"}],"curies":[{"name":"wp","href":"https:\/\/api.w.org\/{rel}","templated":true}]}}