{"id":3328,"date":"2024-04-30T20:18:51","date_gmt":"2024-04-30T20:18:51","guid":{"rendered":"https:\/\/www.uninter.com\/galeriavirtual\/?p=3328"},"modified":"2024-05-03T19:30:20","modified_gmt":"2024-05-03T19:30:20","slug":"urban-sketchers-edificio-garcez","status":"publish","type":"post","link":"https:\/\/www.uninter.com\/galeriavirtual\/urban-sketchers-edificio-garcez\/","title":{"rendered":"Urban Sketchers &#8211; Edif\u00edcio Garcez"},"content":{"rendered":"<p>No dia 29 de abril de 2023, s\u00e1bado \u00e0 tarde, aconteceu mais uma edi\u00e7\u00e3o do Urban Sketchers Curitiba. Desta vez, o grupo teve como inspira\u00e7\u00e3o o Edif\u00edcio Moreira Garcez, um dos campi da Uninter. O Urban Sketchers \u00e9 um movimento global formado por desenhistas dedicados a dispor seu tempo a compartilhar suas obras, dicas e experi\u00eancias em desenhar na cidade. O grupo teve in\u00edcio em 2007 com o jornalista e ilustrador Gabriel Campanario e desde ent\u00e3o recebe desenhistas do mundo todo com o lema \u201cVer o mundo, um desenho de cada vez\u201d. O evento especial contou com a participa\u00e7\u00e3o de, al\u00e9m de desenhistas que j\u00e1 participam do grupo Urban Sketchers Curitiba, professores e alunos dos cursos da Uninter de Artes Visuaia, Arquitetura, Design e Engenharias do centro universit\u00e1rio. O Edif\u00edcio Garcez, que j\u00e1 foi considerado o terceiro edif\u00edcio mais alto do Brasil, foi constru\u00eddo entre os anos de 1924 e 1934. Considerado \u00e0 frente do seu tempo devido a suas formas e inspira\u00e7\u00f5es no movimento Art D\u00e9co, recebe professores e alunos da Uninter diariamente desde 2003, quando passou a ser administrado pelo grupo educacional. S\u00e3o 36 desenhos realizados no espa\u00e7o de tempo de 2 horas por artistas de diferentes n\u00edveis de habilidade.<\/p>\n","protected":false},"excerpt":{"rendered":"<p>No dia 29 de abril de 2023, s\u00e1bado \u00e0 tarde, aconteceu mais uma edi\u00e7\u00e3o do Urban Sketchers Curitiba. Desta vez, o grupo teve como inspira\u00e7\u00e3o o Edif\u00edcio Moreira Garcez, um dos campi da Uninter. O Urban Sketchers \u00e9 um movimento global formado por desenhistas dedicados a dispor seu tempo a compartilhar suas obras, dicas e [&hellip;]<\/p>\n","protected":false},"author":6,"featured_media":3375,"comment_status":"open","ping_status":"open","sticky":false,"template":"","format":"standard","meta":[],"categories":[13,24],"tags":[],"acf":[],"_links":{"self":[{"href":"https:\/\/www.uninter.com\/galeriavirtual\/wp-json\/wp\/v2\/posts\/3328"}],"collection":[{"href":"https:\/\/www.uninter.com\/galeriavirtual\/wp-json\/wp\/v2\/posts"}],"about":[{"href":"https:\/\/www.uninter.com\/galeriavirtual\/wp-json\/wp\/v2\/types\/post"}],"author":[{"embeddable":true,"href":"https:\/\/www.uninter.com\/galeriavirtual\/wp-json\/wp\/v2\/users\/6"}],"replies":[{"embeddable":true,"href":"https:\/\/www.uninter.com\/galeriavirtual\/wp-json\/wp\/v2\/comments?post=3328"}],"version-history":[{"count":12,"href":"https:\/\/www.uninter.com\/galeriavirtual\/wp-json\/wp\/v2\/posts\/3328\/revisions"}],"predecessor-version":[{"id":3396,"href":"https:\/\/www.uninter.com\/galeriavirtual\/wp-json\/wp\/v2\/posts\/3328\/revisions\/3396"}],"wp:featuredmedia":[{"embeddable":true,"href":"https:\/\/www.uninter.com\/galeriavirtual\/wp-json\/wp\/v2\/media\/3375"}],"wp:attachment":[{"href":"https:\/\/www.uninter.com\/galeriavirtual\/wp-json\/wp\/v2\/media?parent=3328"}],"wp:term":[{"taxonomy":"category","embeddable":true,"href":"https:\/\/www.uninter.com\/galeriavirtual\/wp-json\/wp\/v2\/categories?post=3328"},{"taxonomy":"post_tag","embeddable":true,"href":"https:\/\/www.uninter.com\/galeriavirtual\/wp-json\/wp\/v2\/tags?post=3328"}],"curies":[{"name":"wp","href":"https:\/\/api.w.org\/{rel}","templated":true}]}}