{"id":3123,"date":"2023-08-04T12:42:24","date_gmt":"2023-08-04T12:42:24","guid":{"rendered":"https:\/\/www.uninter.com\/galeriavirtual\/?p=3123"},"modified":"2026-03-21T00:29:33","modified_gmt":"2026-03-21T00:29:33","slug":"tccs-bacharelado-em-artes-visuais","status":"publish","type":"post","link":"https:\/\/www.uninter.com\/galeriavirtual\/tccs-bacharelado-em-artes-visuais\/","title":{"rendered":"TCCs \u2013 Bacharelado em Artes Visuais"},"content":{"rendered":"<p><strong>Exposi\u00e7\u00e3o Coletiva dos Formandos em Bacharelado em Artes Visuais do Centro Universit\u00e1rio UNINTER<\/strong><\/p>\n<p>As obras apresentadas revelam as jornadas criativas e os processos art\u00edsticos que os estudantes percorreram durante sua forma\u00e7\u00e3o. Cada obra representa a culmina\u00e7\u00e3o de anos de estudo, pr\u00e1tica e explora\u00e7\u00e3o art\u00edstica. Com estilos diversos e perspectivas \u00fanicas, os artistas emergentes revelam o fruto de seus esfor\u00e7os, experi\u00eancias e descobertas, provando que est\u00e3o prontos para conquistar o cen\u00e1rio art\u00edstico contempor\u00e2neo. A exposi\u00e7\u00e3o abrange uma variedade de m\u00eddias e t\u00e9cnicas, como pintura, escultura, fotografia, videoarte, instala\u00e7\u00e3o, entre outras.<\/p>\n<p>Cada formando foi desafiado a explorar e transcender seus pr\u00f3prios limites criativos, buscando novas perspectivas, conceitos e experimenta\u00e7\u00f5es. A mostra reflete, assim, a natureza em constante evolu\u00e7\u00e3o da arte e o poder de se reinventar, enquanto tamb\u00e9m exalta a diversidade art\u00edstica e cultural presente na forma\u00e7\u00e3o desses jovens artistas das mais diversas regi\u00f5es.<\/p>\n<p>A diversidade e a qualidade art\u00edstica desses jovens talentos refor\u00e7am a import\u00e2ncia da arte como uma ferramenta de express\u00e3o, reflex\u00e3o e mudan\u00e7a. Ao explorar as obras criadas pelos alunos de Bacharelado em Artes Visuais EAD, somos convidados a refletir sobre a for\u00e7a das conex\u00f5es visuais que transcendem barreiras f\u00edsicas e culturais.<\/p>\n","protected":false},"excerpt":{"rendered":"<p>Exposi\u00e7\u00e3o Coletiva dos Formandos em Bacharelado em Artes Visuais do Centro Universit\u00e1rio UNINTER As obras apresentadas revelam as jornadas criativas e os processos art\u00edsticos que os estudantes percorreram durante sua forma\u00e7\u00e3o. Cada obra representa a culmina\u00e7\u00e3o de anos de estudo, pr\u00e1tica e explora\u00e7\u00e3o art\u00edstica. Com estilos diversos e perspectivas \u00fanicas, os artistas emergentes revelam o [&hellip;]<\/p>\n","protected":false},"author":1,"featured_media":3124,"comment_status":"open","ping_status":"open","sticky":false,"template":"","format":"standard","meta":[],"categories":[13,22],"tags":[],"acf":[],"_links":{"self":[{"href":"https:\/\/www.uninter.com\/galeriavirtual\/wp-json\/wp\/v2\/posts\/3123"}],"collection":[{"href":"https:\/\/www.uninter.com\/galeriavirtual\/wp-json\/wp\/v2\/posts"}],"about":[{"href":"https:\/\/www.uninter.com\/galeriavirtual\/wp-json\/wp\/v2\/types\/post"}],"author":[{"embeddable":true,"href":"https:\/\/www.uninter.com\/galeriavirtual\/wp-json\/wp\/v2\/users\/1"}],"replies":[{"embeddable":true,"href":"https:\/\/www.uninter.com\/galeriavirtual\/wp-json\/wp\/v2\/comments?post=3123"}],"version-history":[{"count":52,"href":"https:\/\/www.uninter.com\/galeriavirtual\/wp-json\/wp\/v2\/posts\/3123\/revisions"}],"predecessor-version":[{"id":3665,"href":"https:\/\/www.uninter.com\/galeriavirtual\/wp-json\/wp\/v2\/posts\/3123\/revisions\/3665"}],"wp:featuredmedia":[{"embeddable":true,"href":"https:\/\/www.uninter.com\/galeriavirtual\/wp-json\/wp\/v2\/media\/3124"}],"wp:attachment":[{"href":"https:\/\/www.uninter.com\/galeriavirtual\/wp-json\/wp\/v2\/media?parent=3123"}],"wp:term":[{"taxonomy":"category","embeddable":true,"href":"https:\/\/www.uninter.com\/galeriavirtual\/wp-json\/wp\/v2\/categories?post=3123"},{"taxonomy":"post_tag","embeddable":true,"href":"https:\/\/www.uninter.com\/galeriavirtual\/wp-json\/wp\/v2\/tags?post=3123"}],"curies":[{"name":"wp","href":"https:\/\/api.w.org\/{rel}","templated":true}]}}