{"id":2863,"date":"2022-05-02T14:00:19","date_gmt":"2022-05-02T14:00:19","guid":{"rendered":"https:\/\/www.uninter.com\/galeriavirtual\/?p=2863"},"modified":"2023-03-16T11:43:23","modified_gmt":"2023-03-16T11:43:23","slug":"projeto-neon-plas-ayiti","status":"publish","type":"post","link":"https:\/\/www.uninter.com\/galeriavirtual\/projeto-neon-plas-ayiti\/","title":{"rendered":"Projeto Neon &#8211; Plas Ayiti  &#8211; Artista Milla Jung"},"content":{"rendered":"<p><strong>Artista &#8211; Milla Jung<\/strong><\/p>\n<p>Instala\u00e7\u00e3o de neon de 4,5 x 1,00 m no topo do edif\u00edcio \u201cNossa senhora da Luz\u201d na Pra\u00e7a Tiradentes, em Curitiba, 2014.<\/p>\n<p>Cart\u00e3o-postal, 13 x 18 cm, distribui\u00e7\u00e3o p\u00fablica e gratuita.<\/p>\n<p>Plas Ayiti, ou Lugar Haitiano em creoule, \u00e9 como os haitianos chamam a pra\u00e7a, serve de ponto de encontro. O neon faz intersec\u00e7\u00e3o ao filme produzido com o mesmo nome.<\/p>\n<p>Um v\u00eddeo (1 \u201c50\u201d) sobre o Projeto Neon pode ser visto em: <a href=\"https:\/\/vimeo.com\/113627464\">https:\/\/vimeo.com\/113627464<\/a><\/p>\n","protected":false},"excerpt":{"rendered":"<p>Instala\u00e7\u00e3o de neon de 4,5 x 1,00 m no topo do edif\u00edcio \u201cNossa senhora da Luz\u201d na Pra\u00e7a Tiradentes, em Curitiba, 2014. <\/p>\n","protected":false},"author":1,"featured_media":2868,"comment_status":"open","ping_status":"open","sticky":false,"template":"","format":"standard","meta":[],"categories":[7],"tags":[],"acf":[],"_links":{"self":[{"href":"https:\/\/www.uninter.com\/galeriavirtual\/wp-json\/wp\/v2\/posts\/2863"}],"collection":[{"href":"https:\/\/www.uninter.com\/galeriavirtual\/wp-json\/wp\/v2\/posts"}],"about":[{"href":"https:\/\/www.uninter.com\/galeriavirtual\/wp-json\/wp\/v2\/types\/post"}],"author":[{"embeddable":true,"href":"https:\/\/www.uninter.com\/galeriavirtual\/wp-json\/wp\/v2\/users\/1"}],"replies":[{"embeddable":true,"href":"https:\/\/www.uninter.com\/galeriavirtual\/wp-json\/wp\/v2\/comments?post=2863"}],"version-history":[{"count":2,"href":"https:\/\/www.uninter.com\/galeriavirtual\/wp-json\/wp\/v2\/posts\/2863\/revisions"}],"predecessor-version":[{"id":2936,"href":"https:\/\/www.uninter.com\/galeriavirtual\/wp-json\/wp\/v2\/posts\/2863\/revisions\/2936"}],"wp:featuredmedia":[{"embeddable":true,"href":"https:\/\/www.uninter.com\/galeriavirtual\/wp-json\/wp\/v2\/media\/2868"}],"wp:attachment":[{"href":"https:\/\/www.uninter.com\/galeriavirtual\/wp-json\/wp\/v2\/media?parent=2863"}],"wp:term":[{"taxonomy":"category","embeddable":true,"href":"https:\/\/www.uninter.com\/galeriavirtual\/wp-json\/wp\/v2\/categories?post=2863"},{"taxonomy":"post_tag","embeddable":true,"href":"https:\/\/www.uninter.com\/galeriavirtual\/wp-json\/wp\/v2\/tags?post=2863"}],"curies":[{"name":"wp","href":"https:\/\/api.w.org\/{rel}","templated":true}]}}