{"id":2846,"date":"2022-05-02T13:30:28","date_gmt":"2022-05-02T13:30:28","guid":{"rendered":"https:\/\/www.uninter.com\/galeriavirtual\/?p=2846"},"modified":"2022-05-02T13:43:01","modified_gmt":"2022-05-02T13:43:01","slug":"imagem-iv","status":"publish","type":"post","link":"https:\/\/www.uninter.com\/galeriavirtual\/imagem-iv\/","title":{"rendered":"Imagem IV"},"content":{"rendered":"<p>Maquete, foto-objeto, 15 cm de h x 20cm de larg x 10 cm, 2008.<\/p>\n<p>Sal\u00e3o Nacional de Artes de Itaja\u00ed (2012)<\/p>\n<p>Exposi\u00e7\u00e3o no Museu de Fotografia de Curitiba, composta de 10 proposi\u00e7\u00f5es sonoras baseadas em fotografias (n\u00e3o dispon\u00edveis), uma sala\/biblioteca com um acervo de livros de fotografia contempor\u00e2nea e interlocutores dispon\u00edveis.<\/p>\n","protected":false},"excerpt":{"rendered":"<p>Sal\u00e3o Nacional de Artes de Itaja\u00ed (2012)<\/p>\n","protected":false},"author":1,"featured_media":2847,"comment_status":"open","ping_status":"open","sticky":false,"template":"","format":"standard","meta":[],"categories":[7],"tags":[],"acf":[],"_links":{"self":[{"href":"https:\/\/www.uninter.com\/galeriavirtual\/wp-json\/wp\/v2\/posts\/2846"}],"collection":[{"href":"https:\/\/www.uninter.com\/galeriavirtual\/wp-json\/wp\/v2\/posts"}],"about":[{"href":"https:\/\/www.uninter.com\/galeriavirtual\/wp-json\/wp\/v2\/types\/post"}],"author":[{"embeddable":true,"href":"https:\/\/www.uninter.com\/galeriavirtual\/wp-json\/wp\/v2\/users\/1"}],"replies":[{"embeddable":true,"href":"https:\/\/www.uninter.com\/galeriavirtual\/wp-json\/wp\/v2\/comments?post=2846"}],"version-history":[{"count":3,"href":"https:\/\/www.uninter.com\/galeriavirtual\/wp-json\/wp\/v2\/posts\/2846\/revisions"}],"predecessor-version":[{"id":2850,"href":"https:\/\/www.uninter.com\/galeriavirtual\/wp-json\/wp\/v2\/posts\/2846\/revisions\/2850"}],"wp:featuredmedia":[{"embeddable":true,"href":"https:\/\/www.uninter.com\/galeriavirtual\/wp-json\/wp\/v2\/media\/2847"}],"wp:attachment":[{"href":"https:\/\/www.uninter.com\/galeriavirtual\/wp-json\/wp\/v2\/media?parent=2846"}],"wp:term":[{"taxonomy":"category","embeddable":true,"href":"https:\/\/www.uninter.com\/galeriavirtual\/wp-json\/wp\/v2\/categories?post=2846"},{"taxonomy":"post_tag","embeddable":true,"href":"https:\/\/www.uninter.com\/galeriavirtual\/wp-json\/wp\/v2\/tags?post=2846"}],"curies":[{"name":"wp","href":"https:\/\/api.w.org\/{rel}","templated":true}]}}