{"id":2843,"date":"2022-05-02T13:27:00","date_gmt":"2022-05-02T13:27:00","guid":{"rendered":"https:\/\/www.uninter.com\/galeriavirtual\/?p=2843"},"modified":"2022-05-02T13:27:00","modified_gmt":"2022-05-02T13:27:00","slug":"deserto-do-real","status":"publish","type":"post","link":"https:\/\/www.uninter.com\/galeriavirtual\/deserto-do-real\/","title":{"rendered":"Deserto do Real"},"content":{"rendered":"<p>Nesta exposi\u00e7\u00e3o (2009) a condi\u00e7\u00e3o \u00e9 pensar a fotografia como uma trama do irrealiz\u00e1vel, capaz de engendrar um mecanismo que nos mant\u00e9m ref\u00e9ns do desejo de desejar.<\/p>\n<p>Projeto para constitui\u00e7\u00e3o de imagem (oce\u00e2nico)<\/p>\n<p>Instala\u00e7\u00e3o com foto em c\u00f3pia digital e duas cadeiras.<\/p>\n<p>2,50 x 1,40 cm. Montagem do Museu da Fotografia, Solar do Bar\u00e3o, 2009.<\/p>\n<p>&nbsp;<\/p>\n<p>\u201cInteressa-me pensar este rebatimento, uma pessoa contempla uma imagem, \u00e9 capturada e algo latente acorda na zona do sujeito. Elucidar a situa\u00e7\u00e3o \u00e9 ver-se de fora enquanto atravessado pela experi\u00eancia.\u201d\u00a0Milla Jung<\/p>\n","protected":false},"excerpt":{"rendered":"<p>Nesta exposi\u00e7\u00e3o (2009) a condi\u00e7\u00e3o \u00e9 pensar a fotografia como uma trama do irrealiz\u00e1vel, capaz de engendrar um mecanismo que nos mant\u00e9m ref\u00e9ns do desejo de desejar.<\/p>\n","protected":false},"author":1,"featured_media":2844,"comment_status":"open","ping_status":"open","sticky":false,"template":"","format":"standard","meta":[],"categories":[7],"tags":[],"acf":[],"_links":{"self":[{"href":"https:\/\/www.uninter.com\/galeriavirtual\/wp-json\/wp\/v2\/posts\/2843"}],"collection":[{"href":"https:\/\/www.uninter.com\/galeriavirtual\/wp-json\/wp\/v2\/posts"}],"about":[{"href":"https:\/\/www.uninter.com\/galeriavirtual\/wp-json\/wp\/v2\/types\/post"}],"author":[{"embeddable":true,"href":"https:\/\/www.uninter.com\/galeriavirtual\/wp-json\/wp\/v2\/users\/1"}],"replies":[{"embeddable":true,"href":"https:\/\/www.uninter.com\/galeriavirtual\/wp-json\/wp\/v2\/comments?post=2843"}],"version-history":[{"count":1,"href":"https:\/\/www.uninter.com\/galeriavirtual\/wp-json\/wp\/v2\/posts\/2843\/revisions"}],"predecessor-version":[{"id":2845,"href":"https:\/\/www.uninter.com\/galeriavirtual\/wp-json\/wp\/v2\/posts\/2843\/revisions\/2845"}],"wp:featuredmedia":[{"embeddable":true,"href":"https:\/\/www.uninter.com\/galeriavirtual\/wp-json\/wp\/v2\/media\/2844"}],"wp:attachment":[{"href":"https:\/\/www.uninter.com\/galeriavirtual\/wp-json\/wp\/v2\/media?parent=2843"}],"wp:term":[{"taxonomy":"category","embeddable":true,"href":"https:\/\/www.uninter.com\/galeriavirtual\/wp-json\/wp\/v2\/categories?post=2843"},{"taxonomy":"post_tag","embeddable":true,"href":"https:\/\/www.uninter.com\/galeriavirtual\/wp-json\/wp\/v2\/tags?post=2843"}],"curies":[{"name":"wp","href":"https:\/\/api.w.org\/{rel}","templated":true}]}}