{"id":2809,"date":"2022-04-29T17:26:12","date_gmt":"2022-04-29T17:26:12","guid":{"rendered":"https:\/\/www.uninter.com\/galeriavirtual\/?p=2809"},"modified":"2022-05-03T20:20:26","modified_gmt":"2022-05-03T20:20:26","slug":"espaco-de-afetos","status":"publish","type":"post","link":"https:\/\/www.uninter.com\/galeriavirtual\/espaco-de-afetos\/","title":{"rendered":"Espa\u00e7o de Afetos"},"content":{"rendered":"<p><em>Curadoria: Jomar Villanova<\/em><\/p>\n<p>Milla Jung \u00e9 fot\u00f3grafa, artista visual e pesquisadora, tendo exposto seu trabalho pela Am\u00e9rica Latina e Europa. Atualmente investiga quest\u00f5es sobre imagem e esfera p\u00fablica a partir da rela\u00e7\u00e3o entre pr\u00e1ticas art\u00edsticas e pol\u00edticas da imagem. Doutora em po\u00e9ticas Visuais pela ECA-USP, mestra em teoria da Arte pela UDESC, e tem especializa\u00e7\u00e3o em Fotografia como Instrumento de Pesquisa em Ci\u00eancias Sociais pela UCAM, aperfei\u00e7oamento no Centro Internacional de Fotografia \u2013 ICP, em NY\/USA e na Escola para Assuntos Fotogr\u00e1ficos de Praga, na Rep\u00fablica Tcheca. Foi por 10 anos coordenadora do N\u00facleo de Estudos da Fotografia, espa\u00e7o de forma\u00e7\u00e3o e reflex\u00e3o sobre imagem e \u00e1reas afins, e, atualmente, ensina em cursos formais (gradua\u00e7\u00e3o e p\u00f3s-gradua\u00e7\u00e3o) e informais nas \u00e1reas de fotografia, artes, v\u00eddeo e cinema. Milla \u00e9 parceira na Editora Miradas, na Plataforma \u201cComunidade, Imagem e Esfera P\u00fablica\u201d, colaboradora na Plataforma N\u00facleo Academy, participa de grupos de trabalho na Galeria Nowhere de Lisboa e respondo como j\u00fari e curadoria do atual (67\u00ba) Sal\u00e3o Paranaense do MAC\/PR. Cursou Licenciatura em Artes visuais na Uninter.<\/p>\n","protected":false},"excerpt":{"rendered":"<p>Milla Jung \u00e9 fot\u00f3grafa, artista visual e pesquisadora, tendo exposto seu trabalho pela Am\u00e9rica Latina e Europa. <\/p>\n","protected":false},"author":1,"featured_media":2816,"comment_status":"open","ping_status":"open","sticky":false,"template":"","format":"standard","meta":[],"categories":[7],"tags":[],"acf":[],"_links":{"self":[{"href":"https:\/\/www.uninter.com\/galeriavirtual\/wp-json\/wp\/v2\/posts\/2809"}],"collection":[{"href":"https:\/\/www.uninter.com\/galeriavirtual\/wp-json\/wp\/v2\/posts"}],"about":[{"href":"https:\/\/www.uninter.com\/galeriavirtual\/wp-json\/wp\/v2\/types\/post"}],"author":[{"embeddable":true,"href":"https:\/\/www.uninter.com\/galeriavirtual\/wp-json\/wp\/v2\/users\/1"}],"replies":[{"embeddable":true,"href":"https:\/\/www.uninter.com\/galeriavirtual\/wp-json\/wp\/v2\/comments?post=2809"}],"version-history":[{"count":3,"href":"https:\/\/www.uninter.com\/galeriavirtual\/wp-json\/wp\/v2\/posts\/2809\/revisions"}],"predecessor-version":[{"id":2819,"href":"https:\/\/www.uninter.com\/galeriavirtual\/wp-json\/wp\/v2\/posts\/2809\/revisions\/2819"}],"wp:featuredmedia":[{"embeddable":true,"href":"https:\/\/www.uninter.com\/galeriavirtual\/wp-json\/wp\/v2\/media\/2816"}],"wp:attachment":[{"href":"https:\/\/www.uninter.com\/galeriavirtual\/wp-json\/wp\/v2\/media?parent=2809"}],"wp:term":[{"taxonomy":"category","embeddable":true,"href":"https:\/\/www.uninter.com\/galeriavirtual\/wp-json\/wp\/v2\/categories?post=2809"},{"taxonomy":"post_tag","embeddable":true,"href":"https:\/\/www.uninter.com\/galeriavirtual\/wp-json\/wp\/v2\/tags?post=2809"}],"curies":[{"name":"wp","href":"https:\/\/api.w.org\/{rel}","templated":true}]}}