{"id":2568,"date":"2022-04-19T13:55:47","date_gmt":"2022-04-19T13:55:47","guid":{"rendered":"https:\/\/www.uninter.com\/galeriavirtual\/?p=2568"},"modified":"2024-12-16T21:41:05","modified_gmt":"2024-12-16T21:41:05","slug":"casarios","status":"publish","type":"post","link":"https:\/\/www.uninter.com\/galeriavirtual\/casarios\/","title":{"rendered":"Casarios: Fragmentos Urbanos em Cor"},"content":{"rendered":"<p><img loading=\"lazy\" class=\"alignnone size-full wp-image-3593\" src=\"https:\/\/www.uninter.com\/galeriavirtual\/wp-content\/uploads\/2022\/04\/Logo_Expo_Casario_06.png\" alt=\"\" width=\"283\" height=\"101\" \/><\/p>\n<p>&nbsp;<\/p>\n<p>A exposi\u00e7\u00e3o &#8220;Casarios&#8221; \u00e9 fruto de um projeto desenvolvido no Programa Educa\u00e7\u00e3o para o Trabalho da Escola de Educa\u00e7\u00e3o B\u00e1sica Municipal Tomaz Edson de Andrade Vieira, por meio das Oficinas de Desenho e Pintura ministradas pela professora K\u00e1tia Manfr\u00e9. As artistas Jaqueline Faria da Silva e Beatriz Langner nos apresentam suas produ\u00e7\u00f5es gr\u00e1ficas e pict\u00f3ricas, realizadas com giz pastel seco e aquarela.<\/p>\n<p>A mostra re\u00fane obras que t\u00eam como tema &#8220;Casarios&#8221;, e exploram a profundidade e a arquitetura urbana de maneira singular. Em cada trabalho, as artistas nos convidam a refletir sobre a constru\u00e7\u00e3o e forma\u00e7\u00e3o dos espa\u00e7os urbanos. Ao evitar a rigidez da perspectiva linear c\u00f4nica, Jaqueline e Beatriz optam por brincar com cores saturadas e planos fragmentados, e nos proporcionam uma experi\u00eancia que valoriza o quadro enquanto pintura, em vez de uma simples janela para o mundo natural.<\/p>\n<p>As cores, vibrantes e tensionadas, se expandem e se contraem, evocando a sensa\u00e7\u00e3o de amontoados de casas que caracterizam vilarejos espalhados por diversas regi\u00f5es do Brasil. Assim como os modernistas brasileiros, Jaqueline e Beatriz utilizam a simplicidade e a expressividade das cores para retratar a vida urbana, destacando a import\u00e2ncia da inclus\u00e3o e da express\u00e3o pessoal por meio da arte. A exposi\u00e7\u00e3o &#8220;Casarios&#8221; n\u00e3o apenas celebra a est\u00e9tica e a t\u00e9cnica das artistas, mas tamb\u00e9m ressalta a conex\u00e3o profunda entre o espa\u00e7o urbano e a identidade cultural.<\/p>\n<p><em>Curadoria: Andr\u00e9 Luiz Pinto dos Santos e Etienne Henklein<\/em><\/p>\n","protected":false},"excerpt":{"rendered":"<p>Hera de Deus Brigag\u00e3o, vive e trabalha na cidade de Bragan\u00e7a no Estado do Par\u00e1. <\/p>\n","protected":false},"author":1,"featured_media":3589,"comment_status":"open","ping_status":"open","sticky":true,"template":"","format":"standard","meta":[],"categories":[7],"tags":[],"acf":[],"_links":{"self":[{"href":"https:\/\/www.uninter.com\/galeriavirtual\/wp-json\/wp\/v2\/posts\/2568"}],"collection":[{"href":"https:\/\/www.uninter.com\/galeriavirtual\/wp-json\/wp\/v2\/posts"}],"about":[{"href":"https:\/\/www.uninter.com\/galeriavirtual\/wp-json\/wp\/v2\/types\/post"}],"author":[{"embeddable":true,"href":"https:\/\/www.uninter.com\/galeriavirtual\/wp-json\/wp\/v2\/users\/1"}],"replies":[{"embeddable":true,"href":"https:\/\/www.uninter.com\/galeriavirtual\/wp-json\/wp\/v2\/comments?post=2568"}],"version-history":[{"count":13,"href":"https:\/\/www.uninter.com\/galeriavirtual\/wp-json\/wp\/v2\/posts\/2568\/revisions"}],"predecessor-version":[{"id":3594,"href":"https:\/\/www.uninter.com\/galeriavirtual\/wp-json\/wp\/v2\/posts\/2568\/revisions\/3594"}],"wp:featuredmedia":[{"embeddable":true,"href":"https:\/\/www.uninter.com\/galeriavirtual\/wp-json\/wp\/v2\/media\/3589"}],"wp:attachment":[{"href":"https:\/\/www.uninter.com\/galeriavirtual\/wp-json\/wp\/v2\/media?parent=2568"}],"wp:term":[{"taxonomy":"category","embeddable":true,"href":"https:\/\/www.uninter.com\/galeriavirtual\/wp-json\/wp\/v2\/categories?post=2568"},{"taxonomy":"post_tag","embeddable":true,"href":"https:\/\/www.uninter.com\/galeriavirtual\/wp-json\/wp\/v2\/tags?post=2568"}],"curies":[{"name":"wp","href":"https:\/\/api.w.org\/{rel}","templated":true}]}}