{"id":21,"count":20,"description":"As inscri\u00e7\u00f5es para o 2\u00ba Talento Musical (Tamu) e 1\u00ba Festival de M\u00fasica Instrumental, organizado pelo curso de licenciatura em M\u00fasica da Uninter em parceria com a Funda\u00e7\u00e3o Wilson Picler, encerram no dia 10 de junho. O intuito do projeto \u00e9 incentivar a criatividade, a sonoridade instrumental e a musicalidade; integrar os estudantes da gradua\u00e7\u00e3o; e estimular a apresenta\u00e7\u00e3o de viv\u00eancias e pr\u00e1ticas musicais espont\u00e2neas.\r\n\r\nOs quatro primeiros colocados recebem uma bolsa de estudos para uma gradua\u00e7\u00e3o de licenciatura ou para a p\u00f3s-gradua\u00e7\u00e3o em M\u00fasica e Cogni\u00e7\u00e3o. Al\u00e9m disso, o grande vencedor tem a oportunidade de expor o trabalho e participar do programa Pergunte ao Maestro, da TV Cultura. At\u00e9 o momento, j\u00e1 s\u00e3o contabilizadas mais de 400 inscri\u00e7\u00f5es para o evento virtual, que acontece no dia 18 de agosto.\r\n\r\n\u201cO Tamu \u00e9 uma grande oportunidade para apresentar \u00e0 comunidade os talentos da m\u00fasica instrumental, especialmente os nossos estudantes e egressos do curso de licenciatura em M\u00fasica, mas com abertura para que as pessoas de fora da nossa comunidade acad\u00eamica tamb\u00e9m possam participar deste grande festival\u201d, salienta a professora Florinda Pimentel, que est\u00e1 \u00e0 frente do projeto.\r\n\r\nFlorinda lembra que al\u00e9m de realizar a inscri\u00e7\u00e3o gratuitamente por meio da p\u00e1gina oficial, os candidatos devem tamb\u00e9m ler todo o regulamento, preencher o formul\u00e1rio e enviar um v\u00eddeo com a performance instrumental para que seja efetivada.\r\n\r\nConfira o edital completo e se inscreva. Saiba mais sobre o evento e todo o processo de sele\u00e7\u00e3o.","link":"https:\/\/www.uninter.com\/galeriavirtual\/category\/sala-de-concertos\/tamu\/","name":"Tamu","slug":"tamu","taxonomy":"category","parent":8,"meta":[],"acf":[],"_links":{"self":[{"href":"https:\/\/www.uninter.com\/galeriavirtual\/wp-json\/wp\/v2\/categories\/21"}],"collection":[{"href":"https:\/\/www.uninter.com\/galeriavirtual\/wp-json\/wp\/v2\/categories"}],"about":[{"href":"https:\/\/www.uninter.com\/galeriavirtual\/wp-json\/wp\/v2\/taxonomies\/category"}],"up":[{"embeddable":true,"href":"https:\/\/www.uninter.com\/galeriavirtual\/wp-json\/wp\/v2\/categories\/8"}],"wp:post_type":[{"href":"https:\/\/www.uninter.com\/galeriavirtual\/wp-json\/wp\/v2\/posts?categories=21"},{"href":"https:\/\/www.uninter.com\/galeriavirtual\/wp-json\/wp\/v2\/coletivas?categories=21"},{"href":"https:\/\/www.uninter.com\/galeriavirtual\/wp-json\/wp\/v2\/videos?categories=21"}],"curies":[{"name":"wp","href":"https:\/\/api.w.org\/{rel}","templated":true}]}}