{"id":5733,"date":"2025-03-10T08:44:31","date_gmt":"2025-03-10T11:44:31","guid":{"rendered":"https:\/\/www.uninter.com\/biblioteca\/?p=5733"},"modified":"2025-03-13T15:33:57","modified_gmt":"2025-03-13T18:33:57","slug":"dia-do-bibliotecario-a-2025","status":"publish","type":"post","link":"https:\/\/www.uninter.com\/biblioteca\/dia-do-bibliotecario-a-2025\/","title":{"rendered":"DIA DO (A) BIBLIOTEC\u00c1RIO (A) 2025"},"content":{"rendered":"<p>&nbsp;<\/p>\n<p>Desde o in\u00edcio, a humanidade se preocupa em registrar todo o conhecimento produzido. E para recuper\u00e1-lo o bibliotec\u00e1rio \u00e9 o motor de busca com um cora\u00e7\u00e3o (Sarah Mcintyre).<\/p>\n<p>O Dia do Bibliotec\u00e1rio, foi institu\u00eddo pelo Decreto n\u00ba. 84.631, de 9 de abril de 1980, em seu artigo 5\u00ba, a ser comemorado em todo territ\u00f3rio nacional, a 12 de mar\u00e7o, data de nascimento do bibliotec\u00e1rio, escritor e poeta Manuel Bastos Tigre.<\/p>\n<p>&nbsp;<\/p>\n<p style=\"text-align: center;\">\u201cO conhecimento \u00e9 a luz do mundo. \u00c9 grandioso e<br \/>\ns\u00e1bio quem o constr\u00f3i, o preserva e o dissemina.\u201d<br \/>\nMartins,Monique<\/p>\n<p>&nbsp;<\/p>\n<p><a href=\"https:\/\/uninter-my.sharepoint.com\/:b:\/p\/norma_l\/EQzktMfwsTJHm4P3Ut_-0K8BHcSvNZForlZZBg_HLx8E4g?email=ADONIS.S%40uninter.com&amp;e=7tUW1y\" target=\"_blank\" rel=\"noopener\">Dia do Bibliotec\u00e1rio 12 de mar\u00e7o<\/a><\/p>\n","protected":false},"excerpt":{"rendered":"<p>&nbsp; Desde o in\u00edcio, a humanidade se preocupa em registrar todo o conhecimento produzido. E para recuper\u00e1-lo o bibliotec\u00e1rio \u00e9 o motor de busca com um cora\u00e7\u00e3o (Sarah Mcintyre). O Dia do Bibliotec\u00e1rio, foi institu\u00eddo pelo Decreto n\u00ba. 84.631, de 9 de abril de 1980, em seu artigo 5\u00ba, a ser comemorado em todo territ\u00f3rio [&hellip;]<\/p>\n","protected":false},"author":123459,"featured_media":5742,"comment_status":"closed","ping_status":"open","sticky":false,"template":"","format":"standard","meta":[],"categories":[28],"tags":[],"acf":[],"_links":{"self":[{"href":"https:\/\/www.uninter.com\/biblioteca\/wp-json\/wp\/v2\/posts\/5733"}],"collection":[{"href":"https:\/\/www.uninter.com\/biblioteca\/wp-json\/wp\/v2\/posts"}],"about":[{"href":"https:\/\/www.uninter.com\/biblioteca\/wp-json\/wp\/v2\/types\/post"}],"author":[{"embeddable":true,"href":"https:\/\/www.uninter.com\/biblioteca\/wp-json\/wp\/v2\/users\/123459"}],"replies":[{"embeddable":true,"href":"https:\/\/www.uninter.com\/biblioteca\/wp-json\/wp\/v2\/comments?post=5733"}],"version-history":[{"count":12,"href":"https:\/\/www.uninter.com\/biblioteca\/wp-json\/wp\/v2\/posts\/5733\/revisions"}],"predecessor-version":[{"id":5780,"href":"https:\/\/www.uninter.com\/biblioteca\/wp-json\/wp\/v2\/posts\/5733\/revisions\/5780"}],"wp:featuredmedia":[{"embeddable":true,"href":"https:\/\/www.uninter.com\/biblioteca\/wp-json\/wp\/v2\/media\/5742"}],"wp:attachment":[{"href":"https:\/\/www.uninter.com\/biblioteca\/wp-json\/wp\/v2\/media?parent=5733"}],"wp:term":[{"taxonomy":"category","embeddable":true,"href":"https:\/\/www.uninter.com\/biblioteca\/wp-json\/wp\/v2\/categories?post=5733"},{"taxonomy":"post_tag","embeddable":true,"href":"https:\/\/www.uninter.com\/biblioteca\/wp-json\/wp\/v2\/tags?post=5733"}],"curies":[{"name":"wp","href":"https:\/\/api.w.org\/{rel}","templated":true}]}}