{"id":5713,"date":"2025-03-06T10:48:16","date_gmt":"2025-03-06T13:48:16","guid":{"rendered":"https:\/\/www.uninter.com\/biblioteca\/?p=5713"},"modified":"2025-03-12T14:51:08","modified_gmt":"2025-03-12T17:51:08","slug":"dia-da-mulher-2025","status":"publish","type":"post","link":"https:\/\/www.uninter.com\/biblioteca\/dia-da-mulher-2025\/","title":{"rendered":"DIA DA MULHER 2025"},"content":{"rendered":"<p>Em comemora\u00e7\u00e3o ao dia 8 de mar\u00e7o, a equipe\u00a0 do\u00a0<strong>Sistema Integrado de Bibliotecas<\/strong> organizou um Mural\u00a0para esta data t\u00e3o especial o<strong> Dia Internacional da Mulher<\/strong>, dispon\u00edvel para visita\u00e7\u00e3o dos\u00a0 alunos, professores, colaboradores e comunidade encontra-se no subsolo na \u00e1rea que antecede a entrada da Biblioteca.<\/p>\n<p>&nbsp;<\/p>\n<h4 style=\"text-align: center;\">Nossos Parab\u00e9ns pelo seu dia!!!<\/h4>\n<h4 style=\"text-align: center;\">&amp;<\/h4>\n<h4 style=\"text-align: center;\">Nossa GRATID\u00c3O por voc\u00ea existir e fazer a diferen\u00e7a!<\/h4>\n","protected":false},"excerpt":{"rendered":"<p>Em comemora\u00e7\u00e3o ao dia 8 de mar\u00e7o, a equipe\u00a0 do\u00a0Sistema Integrado de Bibliotecas organizou um Mural\u00a0para esta data t\u00e3o especial o Dia Internacional da Mulher, dispon\u00edvel para visita\u00e7\u00e3o dos\u00a0 alunos, professores, colaboradores e comunidade encontra-se no subsolo na \u00e1rea que antecede a entrada da Biblioteca. &nbsp; Nossos Parab\u00e9ns pelo seu dia!!! &amp; Nossa GRATID\u00c3O por [&hellip;]<\/p>\n","protected":false},"author":123459,"featured_media":5727,"comment_status":"closed","ping_status":"open","sticky":false,"template":"","format":"standard","meta":[],"categories":[30],"tags":[],"acf":[],"_links":{"self":[{"href":"https:\/\/www.uninter.com\/biblioteca\/wp-json\/wp\/v2\/posts\/5713"}],"collection":[{"href":"https:\/\/www.uninter.com\/biblioteca\/wp-json\/wp\/v2\/posts"}],"about":[{"href":"https:\/\/www.uninter.com\/biblioteca\/wp-json\/wp\/v2\/types\/post"}],"author":[{"embeddable":true,"href":"https:\/\/www.uninter.com\/biblioteca\/wp-json\/wp\/v2\/users\/123459"}],"replies":[{"embeddable":true,"href":"https:\/\/www.uninter.com\/biblioteca\/wp-json\/wp\/v2\/comments?post=5713"}],"version-history":[{"count":6,"href":"https:\/\/www.uninter.com\/biblioteca\/wp-json\/wp\/v2\/posts\/5713\/revisions"}],"predecessor-version":[{"id":5732,"href":"https:\/\/www.uninter.com\/biblioteca\/wp-json\/wp\/v2\/posts\/5713\/revisions\/5732"}],"wp:featuredmedia":[{"embeddable":true,"href":"https:\/\/www.uninter.com\/biblioteca\/wp-json\/wp\/v2\/media\/5727"}],"wp:attachment":[{"href":"https:\/\/www.uninter.com\/biblioteca\/wp-json\/wp\/v2\/media?parent=5713"}],"wp:term":[{"taxonomy":"category","embeddable":true,"href":"https:\/\/www.uninter.com\/biblioteca\/wp-json\/wp\/v2\/categories?post=5713"},{"taxonomy":"post_tag","embeddable":true,"href":"https:\/\/www.uninter.com\/biblioteca\/wp-json\/wp\/v2\/tags?post=5713"}],"curies":[{"name":"wp","href":"https:\/\/api.w.org\/{rel}","templated":true}]}}