{"id":5544,"date":"2024-08-27T13:47:55","date_gmt":"2024-08-27T16:47:55","guid":{"rendered":"https:\/\/www.uninter.com\/biblioteca\/?p=5544"},"modified":"2024-09-09T08:13:09","modified_gmt":"2024-09-09T11:13:09","slug":"jogo-de-rpg-2024","status":"publish","type":"post","link":"https:\/\/www.uninter.com\/biblioteca\/jogo-de-rpg-2024\/","title":{"rendered":"Jogos de RPG &#8211; 2024"},"content":{"rendered":"<p>A Biblioteca em parceria com o IBGPEX de Responsabilidade Socioambiental, participou do Evento da Semana Nacional da Pessoa com Defici\u00eancia Intelectual e M\u00faltipla, na data de 21 a 28 de agosto, na Campi Carlos Gomes.<\/p>\n<p>Neste momento m\u00e1gico eles puderam participar do\u00a0 Jogo de RPG e vivenciar uma narrativa de fantasia e aventura interativa, com o objetivo treinar as habilidades para enfrentar as situa\u00e7\u00f5es de risco e racioc\u00edno l\u00f3gico que foram apresentadas no decorrer do jogo.<\/p>\n<p>O cen\u00e1rio proporcionou aos jogadores, vivenciar\u00a0 emo\u00e7\u00f5es\u00a0 e experi\u00eancias na pele de seus personagens, sendo este momento muito rico para o desenvolvimento cognitivo e social.<\/p>\n<p>_____________________________________________________________________________________________________________________<\/p>\n<p>&nbsp;<\/p>\n<blockquote class=\"wp-embedded-content\" data-secret=\"6uT7ckQshY\"><p><a href=\"https:\/\/www.uninter.com\/noticias\/colaboradores-do-despertar-vivem-uma-semana-imersiva-em-atividades-de-inclusao\">Colaboradores do Despertar vivem uma semana imersiva em atividades de inclus\u00e3o<\/a><\/p><\/blockquote>\n<p><iframe class=\"wp-embedded-content\" sandbox=\"allow-scripts\" security=\"restricted\" style=\"position: absolute; clip: rect(1px, 1px, 1px, 1px);\" title=\"&#8220;Colaboradores do Despertar vivem uma semana imersiva em atividades de inclus\u00e3o&#8221; &#8212; UNINTER NOT\u00cdCIAS\" src=\"https:\/\/www.uninter.com\/noticias\/colaboradores-do-despertar-vivem-uma-semana-imersiva-em-atividades-de-inclusao\/embed#?secret=6uT7ckQshY\" data-secret=\"6uT7ckQshY\" width=\"600\" height=\"338\" frameborder=\"0\" marginwidth=\"0\" marginheight=\"0\" scrolling=\"no\"><\/iframe><\/p>\n<p>&nbsp;<\/p>\n","protected":false},"excerpt":{"rendered":"<p>A Biblioteca em parceria com o IBGPEX de Responsabilidade Socioambiental, participou do Evento da Semana Nacional da Pessoa com Defici\u00eancia Intelectual e M\u00faltipla, na data de 21 a 28 de agosto, na Campi Carlos Gomes. Neste momento m\u00e1gico eles puderam participar do\u00a0 Jogo de RPG e vivenciar uma narrativa de fantasia e aventura interativa, com [&hellip;]<\/p>\n","protected":false},"author":123459,"featured_media":5556,"comment_status":"closed","ping_status":"open","sticky":false,"template":"","format":"standard","meta":[],"categories":[26],"tags":[],"acf":[],"_links":{"self":[{"href":"https:\/\/www.uninter.com\/biblioteca\/wp-json\/wp\/v2\/posts\/5544"}],"collection":[{"href":"https:\/\/www.uninter.com\/biblioteca\/wp-json\/wp\/v2\/posts"}],"about":[{"href":"https:\/\/www.uninter.com\/biblioteca\/wp-json\/wp\/v2\/types\/post"}],"author":[{"embeddable":true,"href":"https:\/\/www.uninter.com\/biblioteca\/wp-json\/wp\/v2\/users\/123459"}],"replies":[{"embeddable":true,"href":"https:\/\/www.uninter.com\/biblioteca\/wp-json\/wp\/v2\/comments?post=5544"}],"version-history":[{"count":10,"href":"https:\/\/www.uninter.com\/biblioteca\/wp-json\/wp\/v2\/posts\/5544\/revisions"}],"predecessor-version":[{"id":5567,"href":"https:\/\/www.uninter.com\/biblioteca\/wp-json\/wp\/v2\/posts\/5544\/revisions\/5567"}],"wp:featuredmedia":[{"embeddable":true,"href":"https:\/\/www.uninter.com\/biblioteca\/wp-json\/wp\/v2\/media\/5556"}],"wp:attachment":[{"href":"https:\/\/www.uninter.com\/biblioteca\/wp-json\/wp\/v2\/media?parent=5544"}],"wp:term":[{"taxonomy":"category","embeddable":true,"href":"https:\/\/www.uninter.com\/biblioteca\/wp-json\/wp\/v2\/categories?post=5544"},{"taxonomy":"post_tag","embeddable":true,"href":"https:\/\/www.uninter.com\/biblioteca\/wp-json\/wp\/v2\/tags?post=5544"}],"curies":[{"name":"wp","href":"https:\/\/api.w.org\/{rel}","templated":true}]}}