{"id":5428,"date":"2024-06-18T10:49:59","date_gmt":"2024-06-18T13:49:59","guid":{"rendered":"https:\/\/www.uninter.com\/biblioteca\/?p=5428"},"modified":"2024-06-20T11:01:20","modified_gmt":"2024-06-20T14:01:20","slug":"arraia-da-biblioteca","status":"publish","type":"post","link":"https:\/\/www.uninter.com\/biblioteca\/arraia-da-biblioteca\/","title":{"rendered":"Arrai\u00e1 da Biblioteca"},"content":{"rendered":"<p><img decoding=\"async\" loading=\"lazy\" class=\"aligncenter wp-image-5446\" src=\"https:\/\/www.uninter.com\/biblioteca\/wp-content\/uploads\/2024\/06\/download.png\" alt=\"\" width=\"357\" height=\"237\" srcset=\"https:\/\/www.uninter.com\/biblioteca\/wp-content\/uploads\/2024\/06\/download.png 275w, https:\/\/www.uninter.com\/biblioteca\/wp-content\/uploads\/2024\/06\/download-272x182.png 272w\" sizes=\"(max-width: 357px) 100vw, 357px\" \/><\/p>\n<p>&nbsp;<\/p>\n<p>&nbsp;<\/p>\n<p>A Festa Junina\u00a0\u00e9 uma manifesta\u00e7\u00e3o \u00fanica da identidade brasileira.<\/p>\n<p>\u00c9 uma oportunidade de preservar tradi\u00e7\u00f5es, valorizar a cultura local e fortalecer os la\u00e7os entre os colegas de trabalho.<\/p>\n<p>Momento de se reunir para celebrar, saborear comidas t\u00edpicas e se divertir.<\/p>\n<p>O Sistema Integrado de Bibliotecas n\u00e3o podia perder a oportunidade de uma festan\u00e7a desta com mesa farta.<\/p>\n","protected":false},"excerpt":{"rendered":"<p>&nbsp; &nbsp; A Festa Junina\u00a0\u00e9 uma manifesta\u00e7\u00e3o \u00fanica da identidade brasileira. \u00c9 uma oportunidade de preservar tradi\u00e7\u00f5es, valorizar a cultura local e fortalecer os la\u00e7os entre os colegas de trabalho. Momento de se reunir para celebrar, saborear comidas t\u00edpicas e se divertir. O Sistema Integrado de Bibliotecas n\u00e3o podia perder a oportunidade de uma festan\u00e7a [&hellip;]<\/p>\n","protected":false},"author":123459,"featured_media":5469,"comment_status":"closed","ping_status":"open","sticky":false,"template":"","format":"standard","meta":[],"categories":[31],"tags":[],"acf":[],"_links":{"self":[{"href":"https:\/\/www.uninter.com\/biblioteca\/wp-json\/wp\/v2\/posts\/5428"}],"collection":[{"href":"https:\/\/www.uninter.com\/biblioteca\/wp-json\/wp\/v2\/posts"}],"about":[{"href":"https:\/\/www.uninter.com\/biblioteca\/wp-json\/wp\/v2\/types\/post"}],"author":[{"embeddable":true,"href":"https:\/\/www.uninter.com\/biblioteca\/wp-json\/wp\/v2\/users\/123459"}],"replies":[{"embeddable":true,"href":"https:\/\/www.uninter.com\/biblioteca\/wp-json\/wp\/v2\/comments?post=5428"}],"version-history":[{"count":13,"href":"https:\/\/www.uninter.com\/biblioteca\/wp-json\/wp\/v2\/posts\/5428\/revisions"}],"predecessor-version":[{"id":5470,"href":"https:\/\/www.uninter.com\/biblioteca\/wp-json\/wp\/v2\/posts\/5428\/revisions\/5470"}],"wp:featuredmedia":[{"embeddable":true,"href":"https:\/\/www.uninter.com\/biblioteca\/wp-json\/wp\/v2\/media\/5469"}],"wp:attachment":[{"href":"https:\/\/www.uninter.com\/biblioteca\/wp-json\/wp\/v2\/media?parent=5428"}],"wp:term":[{"taxonomy":"category","embeddable":true,"href":"https:\/\/www.uninter.com\/biblioteca\/wp-json\/wp\/v2\/categories?post=5428"},{"taxonomy":"post_tag","embeddable":true,"href":"https:\/\/www.uninter.com\/biblioteca\/wp-json\/wp\/v2\/tags?post=5428"}],"curies":[{"name":"wp","href":"https:\/\/api.w.org\/{rel}","templated":true}]}}