{"id":5224,"date":"2024-04-24T14:13:34","date_gmt":"2024-04-24T17:13:34","guid":{"rendered":"https:\/\/www.uninter.com\/biblioteca\/?p=5224"},"modified":"2024-04-24T14:13:34","modified_gmt":"2024-04-24T17:13:34","slug":"dia-da-mulher-2024","status":"publish","type":"post","link":"https:\/\/www.uninter.com\/biblioteca\/dia-da-mulher-2024\/","title":{"rendered":"Dia da Mulher &#8211; 2024"},"content":{"rendered":"<p>Em comemora\u00e7\u00e3o ao dia 8 de mar\u00e7o, e para acolher e presentear as estudantes e colaboradoras que fazem parte da\u00a0<a href=\"https:\/\/www.uninter.com\/?utm_source=uninter-noticias&amp;utm_medium=referral\" data-cke-saved-href=\"https:\/\/www.uninter.com\/?utm_source=uninter-noticias&amp;utm_medium=referral\"><strong>Uninter<\/strong><\/a>, a equipe\u00a0 do\u00a0<strong>Sistema Integrado de Bibliotecas<\/strong>\u00a0organizou uma\u00a0<strong>Exposi\u00e7\u00e3o em Homenagem ao Dia Internacional da Mulher<\/strong>. O evento acontece no t\u00e9rreo do campus Garcez, em Curitiba (PR), das 8h \u00e0s 20h, at\u00e9 o dia 8.<\/p>\n<p>\u201cA Biblioteca n\u00e3o poderia deixar de homenagear as mulheres nessa semana. O dia 8 de mar\u00e7o significa grandes batalhas e sacrif\u00edcios, que mulheres corajosas e guerreiras lutaram e conquistaram. S\u00e3o mulheres do Brasil e do mundo todo. N\u00e3o podemos afirmar que a batalha est\u00e1 totalmente ganha, mas as mulheres continuam na luta com todo fervor e amor\u201d, declara a coordenadora da Biblioteca, Vanda Fattori Dias.<\/p>\n<p>&nbsp;<\/p>\n<h4 style=\"text-align: center;\">Nossos Parab\u00e9ns pelo seu dia!!!<\/h4>\n<h4 style=\"text-align: center;\">&amp;<\/h4>\n<h4 style=\"text-align: center;\">Nossa GRATID\u00c3O por voc\u00ea existir e fazer a diferen\u00e7a!<\/h4>\n<p>&nbsp;<\/p>\n<p>&nbsp;<\/p>\n","protected":false},"excerpt":{"rendered":"<p>Em comemora\u00e7\u00e3o ao dia 8 de mar\u00e7o, e para acolher e presentear as estudantes e colaboradoras que fazem parte da\u00a0Uninter, a equipe\u00a0 do\u00a0Sistema Integrado de Bibliotecas\u00a0organizou uma\u00a0Exposi\u00e7\u00e3o em Homenagem ao Dia Internacional da Mulher. O evento acontece no t\u00e9rreo do campus Garcez, em Curitiba (PR), das 8h \u00e0s 20h, at\u00e9 o dia 8. \u201cA Biblioteca [&hellip;]<\/p>\n","protected":false},"author":123461,"featured_media":5228,"comment_status":"closed","ping_status":"open","sticky":false,"template":"","format":"standard","meta":[],"categories":[30],"tags":[],"acf":[],"_links":{"self":[{"href":"https:\/\/www.uninter.com\/biblioteca\/wp-json\/wp\/v2\/posts\/5224"}],"collection":[{"href":"https:\/\/www.uninter.com\/biblioteca\/wp-json\/wp\/v2\/posts"}],"about":[{"href":"https:\/\/www.uninter.com\/biblioteca\/wp-json\/wp\/v2\/types\/post"}],"author":[{"embeddable":true,"href":"https:\/\/www.uninter.com\/biblioteca\/wp-json\/wp\/v2\/users\/123461"}],"replies":[{"embeddable":true,"href":"https:\/\/www.uninter.com\/biblioteca\/wp-json\/wp\/v2\/comments?post=5224"}],"version-history":[{"count":11,"href":"https:\/\/www.uninter.com\/biblioteca\/wp-json\/wp\/v2\/posts\/5224\/revisions"}],"predecessor-version":[{"id":5333,"href":"https:\/\/www.uninter.com\/biblioteca\/wp-json\/wp\/v2\/posts\/5224\/revisions\/5333"}],"wp:featuredmedia":[{"embeddable":true,"href":"https:\/\/www.uninter.com\/biblioteca\/wp-json\/wp\/v2\/media\/5228"}],"wp:attachment":[{"href":"https:\/\/www.uninter.com\/biblioteca\/wp-json\/wp\/v2\/media?parent=5224"}],"wp:term":[{"taxonomy":"category","embeddable":true,"href":"https:\/\/www.uninter.com\/biblioteca\/wp-json\/wp\/v2\/categories?post=5224"},{"taxonomy":"post_tag","embeddable":true,"href":"https:\/\/www.uninter.com\/biblioteca\/wp-json\/wp\/v2\/tags?post=5224"}],"curies":[{"name":"wp","href":"https:\/\/api.w.org\/{rel}","templated":true}]}}